{"id":133599,"date":"2026-01-12T18:22:18","date_gmt":"2026-01-12T18:22:18","guid":{"rendered":"https:\/\/www.europesays.com\/se\/133599\/"},"modified":"2026-01-12T18:22:18","modified_gmt":"2026-01-12T18:22:18","slug":"nyheter-dacksnack-dackbranschen-sverige-3","status":"publish","type":"post","link":"https:\/\/www.europesays.com\/se\/133599\/","title":{"rendered":"Nyheter &#8211; D\u00e4cksnack | D\u00e4ckbranschen Sverige"},"content":{"rendered":"<p>                                        <img decoding=\"async\" class=\"news-image\" src=\"https:\/\/www.europesays.com\/se\/wp-content\/uploads\/2026\/01\/121259704.jpg\"\/><\/p>\n<p class=\"image-description\">Falken Tyre Europe forts\u00e4tter sitt samarbete med handbolls-EM, som officiell partner i m\u00e4sterskapen 2026. <\/p>\n<p>                    <a class=\"category-tag\" href=\"https:\/\/www.tidningendacksnack.se\/nyheter\/\" rel=\"nofollow noopener\" target=\"_blank\">Nyheter<\/a><br \/>\n                    12 januari 2026<br \/>\n                    <strong>Text: <\/strong>Eva Harrysson <strong>Foto: <\/strong>Falken Tyre<br \/>\n                    Falken Tyre Europe forts\u00e4tter sitt engagemang inom internationell handboll och blir \u00e5terigen officiell partner och officiell d\u00e4ckpartner till herrarnas EHF EURO 2026. <\/p>\n<p>M\u00e4sterskapet \u00e4r en av Europas st\u00f6rsta handbollsturneringar och samarbetet inneb\u00e4r tredje europam\u00e4sterskapet i rad f\u00f6r Falken i denna roll.<\/p>\n<p>Falken Tyre har under m\u00e5nga \u00e5r varit sponsor till b\u00e5de herrarnas handbolls-VM och EM. Avtalet ger Falken m\u00f6jligheter till synlighet under turneringen, bland annat genom LED-reklam runt spelplanen, golvdekaler, exponering p\u00e5 mediabakgrunder och videoinslag i arenorna. D\u00e4rut\u00f6ver ing\u00e5r digital n\u00e4rvaro p\u00e5 EHF:s officiella plattformar samt m\u00f6jlighet till aktiviteter och publikn\u00e4ra inslag p\u00e5 plats. Falken f\u00e5r \u00e4ven tillg\u00e5ng till VIP- och Category 1-biljetter till utvalda matcher, med m\u00f6jlighet att k\u00f6pa ytterligare biljetter.<\/p>\n<p>\u2013Vi \u00e4r stolta \u00f6ver att ha Falken Tyres som partner till turneringen f\u00f6r tredje europam\u00e4sterskapet i rad. Det visar vilken attraktionskraft v\u00e5r sport har i Europa \u2013 inte bara f\u00f6r fansen utan \u00e4ven f\u00f6r internationellt verksamma f\u00f6retag. Vi ser fram emot att se Falken Tyres i centrum under EHF EURO och att st\u00f6dja dem i att n\u00e5 b\u00e5de nya och befintliga kundgrupper p\u00e5 b\u00e4sta m\u00f6jliga s\u00e4tt, s\u00e4ger EHF:s generalsekreterare Martin Hausleitner.<\/p>\n<p>\u00c4ven fr\u00e5n Falkens sida lyfts turneringens betydelse.<br \/>\u2013 EHF EURO \u00e4r ett evenemang som pr\u00e4glas av passion, prestation och precision \u2013 egenskaper som ocks\u00e5 k\u00e4nnetecknar v\u00e5ra d\u00e4ck. Partnerskapet s\u00e4nder en stark signal f\u00f6r v\u00e5rt varum\u00e4rke och \u00e4r ett viktigt steg i att ytterligare \u00f6ka Falkens synlighet i Europa, s\u00e4ger Markus B\u00f6gner, Managing Director och President f\u00f6r Falken Tyre Europe GmbH.<\/p>\n<p>\u00a0<\/p>\n<p>        Annons:<\/p>\n<ul class=\"slides\">&#13;<br \/>\n            &#13;<\/p>\n<li style=\"display:none;\">&#13;<br \/>\n                <a href=\"https:\/\/www.nisotech.se\/varumarken\/safety-seal\/?74300743=g-numSold-d-48-1-filter:JTdCJTIyZmlsdGVyJTIyOiU1QiU1RCwlMjJwcmljZSUyMjolN0IlMjJtaW4lMjI6MCwlMjJtYXglMjI6OTk5OTk5OTk5JTdEJTdE\" target=\"_blank\" class=\"ann-link\" rel=\"nofollow noopener\">&#13;<br \/>\n                    <img decoding=\"async\" class=\"ann-image\" src=\"https:\/\/www.europesays.com\/se\/wp-content\/uploads\/2026\/01\/3081256230.jpg\" alt=\"\"\/>&#13;<br \/>\n                <\/a>&#13;\n            <\/li>\n<p>&#13;<br \/>\n            &#13;<\/p>\n<li style=\"display:none;\">&#13;<br \/>\n                <a href=\"https:\/\/www.superdack.se\" target=\"_blank\" class=\"ann-link\" rel=\"nofollow noopener\">&#13;<br \/>\n                    <img decoding=\"async\" class=\"ann-image\" src=\"https:\/\/www.europesays.com\/se\/wp-content\/uploads\/2026\/01\/911122881.jpg\" alt=\"\"\/>&#13;<br \/>\n                <\/a>&#13;\n            <\/li>\n<p>&#13;<br \/>\n            &#13;\n        <\/ul>\n","protected":false},"excerpt":{"rendered":"Falken Tyre Europe forts\u00e4tter sitt samarbete med handbolls-EM, som officiell partner i m\u00e4sterskapen 2026. Nyheter 12 januari 2026&hellip;\n","protected":false},"author":2,"featured_media":133600,"comment_status":"","ping_status":"","sticky":false,"template":"","format":"standard","meta":{"footnotes":""},"categories":[68],"tags":[34,111,110,31,33,32,30],"class_list":{"0":"post-133599","1":"post","2":"type-post","3":"status-publish","4":"format-standard","5":"has-post-thumbnail","7":"category-sport","8":"tag-se","9":"tag-sport","10":"tag-sports","11":"tag-svenska","12":"tag-sverige","13":"tag-sweden","14":"tag-swedish"},"share_on_mastodon":{"url":"https:\/\/pubeurope.com\/@se\/115883523821251632","error":""},"_links":{"self":[{"href":"https:\/\/www.europesays.com\/se\/wp-json\/wp\/v2\/posts\/133599","targetHints":{"allow":["GET"]}}],"collection":[{"href":"https:\/\/www.europesays.com\/se\/wp-json\/wp\/v2\/posts"}],"about":[{"href":"https:\/\/www.europesays.com\/se\/wp-json\/wp\/v2\/types\/post"}],"author":[{"embeddable":true,"href":"https:\/\/www.europesays.com\/se\/wp-json\/wp\/v2\/users\/2"}],"replies":[{"embeddable":true,"href":"https:\/\/www.europesays.com\/se\/wp-json\/wp\/v2\/comments?post=133599"}],"version-history":[{"count":0,"href":"https:\/\/www.europesays.com\/se\/wp-json\/wp\/v2\/posts\/133599\/revisions"}],"wp:featuredmedia":[{"embeddable":true,"href":"https:\/\/www.europesays.com\/se\/wp-json\/wp\/v2\/media\/133600"}],"wp:attachment":[{"href":"https:\/\/www.europesays.com\/se\/wp-json\/wp\/v2\/media?parent=133599"}],"wp:term":[{"taxonomy":"category","embeddable":true,"href":"https:\/\/www.europesays.com\/se\/wp-json\/wp\/v2\/categories?post=133599"},{"taxonomy":"post_tag","embeddable":true,"href":"https:\/\/www.europesays.com\/se\/wp-json\/wp\/v2\/tags?post=133599"}],"curies":[{"name":"wp","href":"https:\/\/api.w.org\/{rel}","templated":true}]}}