{"id":133611,"date":"2026-01-12T18:37:11","date_gmt":"2026-01-12T18:37:11","guid":{"rendered":"https:\/\/www.europesays.com\/se\/133611\/"},"modified":"2026-01-12T18:37:11","modified_gmt":"2026-01-12T18:37:11","slug":"gronland-vill-forsvaras-av-nato","status":"publish","type":"post","link":"https:\/\/www.europesays.com\/se\/133611\/","title":{"rendered":"Gr\u00f6nland: Vill f\u00f6rsvaras av Nato"},"content":{"rendered":"<p>share-arrowDela<\/p>\n<p>unsaveSpara<\/p>\n<p>expand-left<\/p>\n<p>helsk\u00e4rm<img decoding=\"async\" class=\"image-asset hyperion-css-u06ts1\" data-test-tag=\"image-asset\" src=\"https:\/\/www.europesays.com\/se\/wp-content\/uploads\/2026\/01\/636dd3de-ece3-4dd8-a482-da6a18e47b8f.jpeg\"  alt=\"Gr\u00f6nlands regeringschef Jens-Frederik Nielsen p\u00e5 en presskonferens f\u00f6rra veckan.\"  loading=\"eager\" fetchpriority=\"high\" style=\"aspect-ratio:1900 \/ 1267\"\/>Gr\u00f6nlands regeringschef Jens-Frederik Nielsen p\u00e5 en presskonferens f\u00f6rra veckan. Foto: Oscar Scott Carl\/Scanpix\/TT<\/p>\n<p class=\"hyperion-css-1shl3oz\" data-test-tag=\"lead-text\">Styret p\u00e5 Gr\u00f6nland vill att \u00f6ns f\u00f6rsvar ska ske i Natos regi, allt f\u00f6r att mota ett amerikanskt \u00f6vertagande. Regeringen betonar att man \u201dunder inga omst\u00e4ndigheter\u201d accepterar USA:s \u00f6nskan.<\/p>\n<p class=\"hyperion-css-1v9qo5x\">Den gr\u00f6nl\u00e4ndska regeringen Naalakkersuisut k\u00e4nner ett starkt st\u00f6d fr\u00e5n europeiska Natol\u00e4nder och vill efter ett uttalat st\u00f6d fr\u00e5n sex l\u00e4nder se att alliansen tar ansvar f\u00f6r f\u00f6rsvaret av \u00f6n.<\/p>\n<p class=\"hyperion-css-1v9qo5x\">\u201dAlla Natol\u00e4nder, inklusive USA, har ett gemensamt intresse i Gr\u00f6nlands f\u00f6rsvar\u201d, skriver regeringen och vill se en dialog om och utveckling av Gr\u00f6nlands f\u00f6rsvar inom Natos ramar.<\/p>\n<p class=\"hyperion-css-1v9qo5x\">Vidare heter det att \u201dUSA har \u00e5ter upprepat sin \u00f6nskan om att \u00f6verta Gr\u00f6nland. Detta kan regeringskoalitionen under inga omst\u00e4ndigheter acceptera\u201d.<\/p>\n<p class=\"hyperion-css-1v9qo5x\">F\u00f6rra veckan st\u00e4llde sig Storbritannien, Frankrike, Tyskland, Italien, Polen och Spanien gemensamt bakom Danmark och Gr\u00f6nland och deras r\u00e4tt \u201datt best\u00e4mma \u00f6ver saker som r\u00f6r Danmark och Gr\u00f6nland\u201d.<\/p>\n","protected":false},"excerpt":{"rendered":"share-arrowDela unsaveSpara expand-left helsk\u00e4rmGr\u00f6nlands regeringschef Jens-Frederik Nielsen p\u00e5 en presskonferens f\u00f6rra veckan. Foto: Oscar Scott Carl\/Scanpix\/TT Styret p\u00e5&hellip;\n","protected":false},"author":2,"featured_media":133612,"comment_status":"","ping_status":"","sticky":false,"template":"","format":"standard","meta":{"footnotes":""},"categories":[5],"tags":[22,23,26,27,17,21,24,25,28,29,15,16,18,34,31,33,32,30,19,20],"class_list":{"0":"post-133611","1":"post","2":"type-post","3":"status-publish","4":"format-standard","5":"has-post-thumbnail","7":"category-rubriker","8":"tag-breaking-news","9":"tag-breakingnews","10":"tag-featured-news","11":"tag-featurednews","12":"tag-headlines","13":"tag-huvudnyheter","14":"tag-latest-news","15":"tag-latestnews","16":"tag-main-news","17":"tag-mainnews","18":"tag-news","19":"tag-nyheter","20":"tag-rubriker","21":"tag-se","22":"tag-svenska","23":"tag-sverige","24":"tag-sweden","25":"tag-swedish","26":"tag-top-stories","27":"tag-topstories"},"share_on_mastodon":{"url":"https:\/\/pubeurope.com\/@se\/115883582606425779","error":""},"_links":{"self":[{"href":"https:\/\/www.europesays.com\/se\/wp-json\/wp\/v2\/posts\/133611","targetHints":{"allow":["GET"]}}],"collection":[{"href":"https:\/\/www.europesays.com\/se\/wp-json\/wp\/v2\/posts"}],"about":[{"href":"https:\/\/www.europesays.com\/se\/wp-json\/wp\/v2\/types\/post"}],"author":[{"embeddable":true,"href":"https:\/\/www.europesays.com\/se\/wp-json\/wp\/v2\/users\/2"}],"replies":[{"embeddable":true,"href":"https:\/\/www.europesays.com\/se\/wp-json\/wp\/v2\/comments?post=133611"}],"version-history":[{"count":0,"href":"https:\/\/www.europesays.com\/se\/wp-json\/wp\/v2\/posts\/133611\/revisions"}],"wp:featuredmedia":[{"embeddable":true,"href":"https:\/\/www.europesays.com\/se\/wp-json\/wp\/v2\/media\/133612"}],"wp:attachment":[{"href":"https:\/\/www.europesays.com\/se\/wp-json\/wp\/v2\/media?parent=133611"}],"wp:term":[{"taxonomy":"category","embeddable":true,"href":"https:\/\/www.europesays.com\/se\/wp-json\/wp\/v2\/categories?post=133611"},{"taxonomy":"post_tag","embeddable":true,"href":"https:\/\/www.europesays.com\/se\/wp-json\/wp\/v2\/tags?post=133611"}],"curies":[{"name":"wp","href":"https:\/\/api.w.org\/{rel}","templated":true}]}}