{"id":133615,"date":"2026-01-12T18:45:07","date_gmt":"2026-01-12T18:45:07","guid":{"rendered":"https:\/\/www.europesays.com\/se\/133615\/"},"modified":"2026-01-12T18:45:07","modified_gmt":"2026-01-12T18:45:07","slug":"mirakelraddning-helge-24-och-hunden-krut-fast-i-snofylld-ravin-i-flera-timmar-nwt","status":"publish","type":"post","link":"https:\/\/www.europesays.com\/se\/133615\/","title":{"rendered":"MIRAKELR\u00c4DDNING: Helge, 24, och hunden Krut fast i sn\u00f6fylld ravin i flera timmar &#8211; NWT"},"content":{"rendered":"<ol>\n<li><a href=\"https:\/\/news.google.com\/rss\/articles\/CBMinwFBVV95cUxPci13STBrVUc1dUhCWU5XTVNhOVp0WHhZSnFQMHBlMkdkSHRhTmk2OWZtOHlOV09zZFg3RHFrM21hTnFUYVFNRzJtdmJfMW9SZ0JPQzVXYUE5YTU5bF9SRjZsZ3RCWnJRRDBfR3E5OFVLX1BaWDhCeWgzZE5jV1ZnVlFtWU5PTUZVUEdvb2gtRGRaYU9GRGxsbFNoZHhMZXM?oc=5\" target=\"_blank\" rel=\"nofollow noopener\">MIRAKELR\u00c4DDNING: Helge, 24, och hunden Krut fast i sn\u00f6fylld ravin i flera timmar<\/a>&nbsp;&nbsp;NWT<\/li>\n<li><a href=\"https:\/\/news.google.com\/rss\/articles\/CBMimgFBVV95cUxPQ18xdnpvUEs5OEw3R1RTeUlzMEM0VkMyNjZZaTR2aTViNkd2TTRGZGlsQUw5dDM1X1ZtY3JyWGJyWGZlVXFwVGhfTFI1QVdQaURITkpQeXhpUjZZZm0weVNnM3I4RDVrRTcta2piU1RFaVNxMXYyYXZmTDh1dkZwaW5Mckk0cFNjQndiaE5pOWJTc3FxTXZZbmtR?oc=5\" target=\"_blank\" rel=\"nofollow noopener\">Hund och j\u00e4gare ramlade ner fr\u00e5n h\u00f6jd \u2013 satt fast p\u00e5 avsats<\/a>&nbsp;&nbsp;NWT<\/li>\n<li><a href=\"https:\/\/news.google.com\/rss\/articles\/CBMilAFBVV95cUxQbFFsYmo0a1JuM294bi12SVdLNlNXSVlVM2Y0QldFNFppXzZqM21HX1lpN05TLTVHSUh3SldnNks0Q2t0TUJWRzgtNm9rU0FpaXZ0ZE1faEprSU9PM0x5MjZTTFFOOTJlM2dBYXhMR2dHRGVDQkkzT3haYWR4UUV3b3hhR29JcG9VMEhvTkZ4TUF5UGtH?oc=5\" target=\"_blank\" rel=\"nofollow noopener\">Helge och Krut r\u00e4ddade fr\u00e5n livsfarligt berg<\/a>&nbsp;&nbsp;Jaktjournalen<\/li>\n<li><a href=\"https:\/\/news.google.com\/rss\/articles\/CBMijwFBVV95cUxQLW9ZOVVUZ1dINlZJMG05bUQwaWE1am85cVp0UnRVdzd5OWdZS0xiNElUejRkYjRDUUppV0ZCZl9VYkNuajdLaWFyNzNKbG84ejAwSVA2U3JfOG9oNTZ2bFV5ODNULUdnOG1hLUtUbWNTN0ZnaFFyYjFHM3BWWXZYUVdBZGVHbXhHREg5MUlobw?oc=5\" target=\"_blank\" rel=\"nofollow noopener\">J\u00e4gare f\u00f6ll ned f\u00f6r stup \u2013 r\u00e4ddad fr\u00e5n avsats<\/a>&nbsp;&nbsp;SVT Nyheter<\/li>\n<li><a href=\"https:\/\/news.google.com\/rss\/articles\/CBMioAFBVV95cUxPWm5DbHZvOFpIcVhBc3FWa1duZDZfcnVnME5MQVlPell0MjE0c1ozbTFMcGhWWTJ0dWdsZ0pZOURuU245RlVNX1d0bjB5VnBpOWVaOEZkYnVVNGhTRDNsVUl5aHgxQjZfSk1TRUx1eUh5c2ZhV1h0V0JmNTFBSTZkdTdfcGM4N1JEdEg4RHo0YjFadHA4dkppMjY3WnY3cG9u?oc=5\" target=\"_blank\" rel=\"nofollow noopener\">Insatsledaren om den dramatiska r\u00e4ddningen: \u201dKunde g\u00e5tt riktigt illa\u201d &#8211; P4 V\u00e4rmland<\/a>&nbsp;&nbsp;Sveriges Radio<\/li>\n<\/ol>\n","protected":false},"excerpt":{"rendered":"MIRAKELR\u00c4DDNING: Helge, 24, och hunden Krut fast i sn\u00f6fylld ravin i flera timmar&nbsp;&nbsp;NWT Hund och j\u00e4gare ramlade ner&hellip;\n","protected":false},"author":2,"featured_media":133616,"comment_status":"","ping_status":"","sticky":false,"template":"","format":"standard","meta":{"footnotes":""},"categories":[5],"tags":[22,23,26,27,17,21,24,25,28,29,15,16,18,34,31,33,32,30,19,20],"class_list":{"0":"post-133615","1":"post","2":"type-post","3":"status-publish","4":"format-standard","5":"has-post-thumbnail","7":"category-rubriker","8":"tag-breaking-news","9":"tag-breakingnews","10":"tag-featured-news","11":"tag-featurednews","12":"tag-headlines","13":"tag-huvudnyheter","14":"tag-latest-news","15":"tag-latestnews","16":"tag-main-news","17":"tag-mainnews","18":"tag-news","19":"tag-nyheter","20":"tag-rubriker","21":"tag-se","22":"tag-svenska","23":"tag-sverige","24":"tag-sweden","25":"tag-swedish","26":"tag-top-stories","27":"tag-topstories"},"share_on_mastodon":{"url":"https:\/\/pubeurope.com\/@se\/115883614056895529","error":""},"_links":{"self":[{"href":"https:\/\/www.europesays.com\/se\/wp-json\/wp\/v2\/posts\/133615","targetHints":{"allow":["GET"]}}],"collection":[{"href":"https:\/\/www.europesays.com\/se\/wp-json\/wp\/v2\/posts"}],"about":[{"href":"https:\/\/www.europesays.com\/se\/wp-json\/wp\/v2\/types\/post"}],"author":[{"embeddable":true,"href":"https:\/\/www.europesays.com\/se\/wp-json\/wp\/v2\/users\/2"}],"replies":[{"embeddable":true,"href":"https:\/\/www.europesays.com\/se\/wp-json\/wp\/v2\/comments?post=133615"}],"version-history":[{"count":0,"href":"https:\/\/www.europesays.com\/se\/wp-json\/wp\/v2\/posts\/133615\/revisions"}],"wp:featuredmedia":[{"embeddable":true,"href":"https:\/\/www.europesays.com\/se\/wp-json\/wp\/v2\/media\/133616"}],"wp:attachment":[{"href":"https:\/\/www.europesays.com\/se\/wp-json\/wp\/v2\/media?parent=133615"}],"wp:term":[{"taxonomy":"category","embeddable":true,"href":"https:\/\/www.europesays.com\/se\/wp-json\/wp\/v2\/categories?post=133615"},{"taxonomy":"post_tag","embeddable":true,"href":"https:\/\/www.europesays.com\/se\/wp-json\/wp\/v2\/tags?post=133615"}],"curies":[{"name":"wp","href":"https:\/\/api.w.org\/{rel}","templated":true}]}}