{"id":133619,"date":"2026-01-12T18:53:09","date_gmt":"2026-01-12T18:53:09","guid":{"rendered":"https:\/\/www.europesays.com\/se\/133619\/"},"modified":"2026-01-12T18:53:09","modified_gmt":"2026-01-12T18:53:09","slug":"nu-drar-regnet-in-risk-for-ishalka","status":"publish","type":"post","link":"https:\/\/www.europesays.com\/se\/133619\/","title":{"rendered":"Nu drar regnet in: \u201dRisk f\u00f6r ishalka\u201d"},"content":{"rendered":"<p><a data-test-tag=\"internal-link\" href=\"https:\/\/www.aftonbladet.se\/av\/nelly-kronstrand\" class=\"hyperion-css-13ns1rr\" rel=\"nofollow noopener\" target=\"\" aria-label=\"Se alla artiklar av Nelly Kronstrand\"><img decoding=\"async\" class=\"image-asset hyperion-css-n6kkq1\" data-test-tag=\"image-asset\" src=\"https:\/\/www.europesays.com\/se\/wp-content\/uploads\/2026\/01\/1768243988_424_c6303424-a7ea-4fb2-bd57-9a7a19eb40f3.png\"  alt=\"\"  loading=\"lazy\" fetchpriority=\"auto\" style=\"aspect-ratio:1900 \/ 1900\"\/><\/a><\/p>\n<p class=\"boxtextgrotesk-root_baa6 hyperion-css-7pajle\">Uppdaterad 19.27 | Publicerad 19.12<\/p>\n<p>share-arrowDela<\/p>\n<p>unsaveSpara<\/p>\n<p>expand-left<\/p>\n<p>helsk\u00e4rm<img decoding=\"async\" class=\"image-asset hyperion-css-15xeopo\" data-test-tag=\"image-asset\" src=\"https:\/\/www.europesays.com\/se\/wp-content\/uploads\/2026\/01\/cb05150e-4007-46aa-8f83-b929cb480426.jpeg\"  alt=\"\"  loading=\"eager\" fetchpriority=\"high\" style=\"aspect-ratio:1900 \/ 1267\"\/> Foto: Oscar Olsson \/ TT<\/p>\n<p class=\"hyperion-css-1shl3oz\" data-test-tag=\"lead-text\">Mer sn\u00f6? Nej, regn.<\/p>\n<p class=\"hyperion-css-1shl3oz\" data-test-tag=\"lead-text\">Veckans v\u00e4derprognos kr\u00e4ver b\u00e5de regnrock och gummist\u00f6vlar. <\/p>\n<p class=\"hyperion-css-1shl3oz\" data-test-tag=\"lead-text\">\u2013 Plusgrader och regn g\u00f6r comeback, s\u00e4ger Lasse Rydqvist, meteorolog p\u00e5 Klart. <\/p>\n<p class=\"hyperion-css-1v9qo5x\">Sverige st\u00e5r inf\u00f6r ett v\u00e4deromslag. <\/p>\n<p class=\"hyperion-css-1v9qo5x\">Redan p\u00e5 m\u00e5ndagen \u00e4r det dags att s\u00e4ga tack och adj\u00f6 till den fluffiga sn\u00f6n \u2013 och v\u00e4lkomna tisdagens regn. <\/p>\n<p class=\"hyperion-css-1v9qo5x\">\u2013 Det \u00e4r lite trist, s\u00e4ger Lasse Rydqvist, meteorolog p\u00e5 Klart. <\/p>\n<p>expand-left<\/p>\n<p>helsk\u00e4rm<img decoding=\"async\" class=\"image-asset hyperion-css-1jpcnd0\" data-test-tag=\"image-asset\" src=\"https:\/\/www.europesays.com\/se\/wp-content\/uploads\/2026\/01\/236f67aa-9c22-4435-8955-9ae1f8f35ffe.jpeg\"  alt=\"Sn\u00f6r\u00f6jning p\u00e5 E4.\"  loading=\"eager\" fetchpriority=\"high\" style=\"aspect-ratio:1900 \/ 1267\"\/>Sn\u00f6r\u00f6jning p\u00e5 E4. Foto: Leif Wikberg \/ TTVarning f\u00f6r pl\u00f6tslig ishalka  <\/p>\n<p class=\"hyperion-css-1v9qo5x\">I omr\u00e5dena kring G\u00f6teborg, Halmstad, Varberg, Bor\u00e5s och Uddevalla v\u00e4ntas en blandning av b\u00e5de regn och sn\u00f6 p\u00e5 tisdagen. <\/p>\n<p class=\"hyperion-css-1v9qo5x\">Redan fr\u00e5n lunchtid str\u00e4cker sig en gul v\u00e4dervarning f\u00f6r pl\u00f6tslig ishalka fr\u00e5n G\u00f6teborg till Falkenberg. <\/p>\n<p>expand-left<\/p>\n<p>helsk\u00e4rm<img decoding=\"async\" class=\"image-asset hyperion-css-1w3vjej\" data-test-tag=\"image-asset\" src=\"https:\/\/www.europesays.com\/se\/wp-content\/uploads\/2026\/01\/4ac1c583-3eb3-466d-af2f-dc3c69a8fb8e.jpeg\"  alt=\"Plusgrader v\u00e4ntar p\u00e5 vissa h\u00e5ll.\"  loading=\"eager\" fetchpriority=\"high\" style=\"aspect-ratio:1900 \/ 1312\"\/>Plusgrader v\u00e4ntar p\u00e5 vissa h\u00e5ll. Foto: Christine Olsson \/ TT<\/p>\n<p class=\"hyperion-css-1v9qo5x\">En liknande v\u00e4dervarning g\u00e4ller \u00e4ven p\u00e5 onsdagen \u2013 d\u00e5 hela v\u00e4gen till Karlskrona, Helsingborg och Malm\u00f6. <\/p>\n<p class=\"hyperion-css-1v9qo5x\">\u2013 Det finns risk att regnet faller p\u00e5 kalla v\u00e4gar. D\u00e5 kan det bli b\u00e5de slaskigt och risk f\u00f6r ishalka, s\u00e4ger Lasse Rydqvist. <\/p>\n<p class=\"hyperion-css-1v9qo5x\">I s\u00f6dra Halland och v\u00e4stra Sk\u00e5ne g\u00e4ller en gul v\u00e4dervarning fr\u00e5n tidig morgon till lunchtid. <\/p>\n<p class=\"hyperion-css-1v9qo5x\">Men mot tisdagskv\u00e4llen kommer rusket att omvandlas till ett sn\u00f6fall som l\u00e5ngsamt r\u00f6r sig norrut. <\/p>\n<p>D\u00e4r kommer det regna \u2013 som mest  <\/p>\n<p class=\"hyperion-css-1v9qo5x\">Enligt v\u00e4derprognosen kommer det att regna som mest p\u00e5 onsdagen. <\/p>\n<p class=\"hyperion-css-1v9qo5x\">\u2013 Ja, man kan s\u00e4ga att plusgrader och regn g\u00f6r comeback p\u00e5 m\u00e5nga h\u00e5ll i G\u00f6taland, \u00f6stra Svealand och s\u00e4ger Lasse Rydqvist.<\/p>\n<p class=\"hyperion-css-1v9qo5x\">V\u00e4rst kommer det bli i V\u00e4stra G\u00f6taland.<\/p>\n<p class=\"hyperion-css-1v9qo5x\">\u2013 D\u00e4r kan man r\u00e4kna med st\u00f6rst m\u00e4ngd regn. <\/p>\n<p class=\"hyperion-css-1v9qo5x\">V\u00e4dret kommer sedan att \u00f6verg\u00e5 i ett sn\u00f6fall i h\u00f6jd med M\u00e4lardalen. <\/p>\n<p class=\"hyperion-css-1v9qo5x\">\u2013 D\u00e4r kan man r\u00e4kna med lite st\u00f6rre sn\u00f6m\u00e4ngder fr\u00e5n V\u00e4stmanland och vidare upp mot v\u00e4stra Dalarna och H\u00e4rjedalen. D\u00e4r \u00e4r man mer fredad fr\u00e5n regnet. Ist\u00e4llet kan det komma en till tv\u00e5 decimeter nysn\u00f6, s\u00e4ger Lasse Rydqvist. <\/p>\n<p>D\u00e5 v\u00e4nder det <\/p>\n<p class=\"hyperion-css-1v9qo5x\">Regnov\u00e4dret \u00e4r dock inte h\u00e4r f\u00f6r att stanna. Redan p\u00e5 torsdagen v\u00e4ntas kallare temperaturer. <\/p>\n<p class=\"hyperion-css-1v9qo5x\">\u2013 Ja, som det ser ut \u00e4r det en tillf\u00e4llig mild luft. Det kommer att sv\u00e4nga om mot helgen, som det ser nu. <\/p>\n<p>expand-left<\/p>\n<p>helsk\u00e4rm<img decoding=\"async\" class=\"image-asset hyperion-css-d6bws\" data-test-tag=\"image-asset\" src=\"https:\/\/www.europesays.com\/se\/wp-content\/uploads\/2026\/01\/64bfea88-8b3b-4d80-a691-2015ac8fce0b.jpeg\"  alt=\"Person med paraply i sn\u00f6ov\u00e4der.\"  loading=\"eager\" fetchpriority=\"high\" style=\"aspect-ratio:1900 \/ 1404\"\/>Person med paraply i sn\u00f6ov\u00e4der. Foto: Johan Nilsson \/ TT<\/p>\n<p class=\"hyperion-css-1v9qo5x\">V\u00e4deromslaget kommer efter en period av intensivt sn\u00f6fall \u2013 som drog med sig b\u00e5de stormen Johannes och sn\u00f6ov\u00e4dret Anna. <\/p>\n<p class=\"hyperion-css-1v9qo5x\">\u2013 Man kan faktiskt beskriva det som att det varit en ovanligt sn\u00f6ig period, framf\u00f6r allt i s\u00f6dra Sverige, s\u00e4ger Lasse Rydqvist.<\/p>\n<p>FAKTAV\u00e4dervarningarna <\/p>\n<p class=\"hyperion-css-jonaf8\">SMHI har utf\u00e4rdat tv\u00e5 gula v\u00e4dervarningar f\u00f6r tisdagen och en f\u00f6r onsdagen. <\/p>\n<p class=\"hyperion-css-jonaf8\"><strong>Tisdag: <\/strong><\/p>\n<ul class=\"hyperion-css-e9gx76\" data-test-tag=\"list\">\n<li class=\"hyperion-css-1d843yr\">Gul varning f\u00f6r pl\u00f6tslig ishalka mellan klockan 04.00 och 12.00. Varningen g\u00e4ller fr\u00e5n Halmstad till Trelleborg. <\/li>\n<li class=\"hyperion-css-1d843yr\">Gul varning f\u00f6r pl\u00f6tslig ishalka mellan klockan 12.00 och 18.00. Varningen g\u00e4ller fr\u00e5n G\u00f6teborg till H\u00f6gan\u00e4s, Helinsg\u00f6r, Malm\u00f6 och Trelleborg. <\/li>\n<\/ul>\n<p class=\"hyperion-css-jonaf8\"><strong>Onsdag:  <\/strong><\/p>\n<p class=\"hyperion-css-jonaf8\">Gul varning f\u00f6r pl\u00f6tslig ishalka mellan klockan 00.00 och 09.00. Varningen g\u00e4ller fr\u00e5n G\u00f6teborg, till Halmstad, Helsingborg, Malm\u00f6 och Karlskrona. <\/p>\n<p class=\"hyperion-css-jonaf8\">K\u00e4lla: SMHI. <\/p>\n<p>L\u00e4s mer<\/p>\n","protected":false},"excerpt":{"rendered":"Uppdaterad 19.27 | Publicerad 19.12 share-arrowDela unsaveSpara expand-left helsk\u00e4rm Foto: Oscar Olsson \/ TT Mer sn\u00f6? Nej, regn.&hellip;\n","protected":false},"author":2,"featured_media":133620,"comment_status":"","ping_status":"","sticky":false,"template":"","format":"standard","meta":{"footnotes":""},"categories":[5],"tags":[22,23,26,27,17,21,24,25,28,29,15,16,18,34,31,33,32,30,19,20],"class_list":{"0":"post-133619","1":"post","2":"type-post","3":"status-publish","4":"format-standard","5":"has-post-thumbnail","7":"category-rubriker","8":"tag-breaking-news","9":"tag-breakingnews","10":"tag-featured-news","11":"tag-featurednews","12":"tag-headlines","13":"tag-huvudnyheter","14":"tag-latest-news","15":"tag-latestnews","16":"tag-main-news","17":"tag-mainnews","18":"tag-news","19":"tag-nyheter","20":"tag-rubriker","21":"tag-se","22":"tag-svenska","23":"tag-sverige","24":"tag-sweden","25":"tag-swedish","26":"tag-top-stories","27":"tag-topstories"},"share_on_mastodon":{"url":"https:\/\/pubeurope.com\/@se\/115883645559095033","error":""},"_links":{"self":[{"href":"https:\/\/www.europesays.com\/se\/wp-json\/wp\/v2\/posts\/133619","targetHints":{"allow":["GET"]}}],"collection":[{"href":"https:\/\/www.europesays.com\/se\/wp-json\/wp\/v2\/posts"}],"about":[{"href":"https:\/\/www.europesays.com\/se\/wp-json\/wp\/v2\/types\/post"}],"author":[{"embeddable":true,"href":"https:\/\/www.europesays.com\/se\/wp-json\/wp\/v2\/users\/2"}],"replies":[{"embeddable":true,"href":"https:\/\/www.europesays.com\/se\/wp-json\/wp\/v2\/comments?post=133619"}],"version-history":[{"count":0,"href":"https:\/\/www.europesays.com\/se\/wp-json\/wp\/v2\/posts\/133619\/revisions"}],"wp:featuredmedia":[{"embeddable":true,"href":"https:\/\/www.europesays.com\/se\/wp-json\/wp\/v2\/media\/133620"}],"wp:attachment":[{"href":"https:\/\/www.europesays.com\/se\/wp-json\/wp\/v2\/media?parent=133619"}],"wp:term":[{"taxonomy":"category","embeddable":true,"href":"https:\/\/www.europesays.com\/se\/wp-json\/wp\/v2\/categories?post=133619"},{"taxonomy":"post_tag","embeddable":true,"href":"https:\/\/www.europesays.com\/se\/wp-json\/wp\/v2\/tags?post=133619"}],"curies":[{"name":"wp","href":"https:\/\/api.w.org\/{rel}","templated":true}]}}