{"id":133625,"date":"2026-01-12T19:01:12","date_gmt":"2026-01-12T19:01:12","guid":{"rendered":"https:\/\/www.europesays.com\/se\/133625\/"},"modified":"2026-01-12T19:01:12","modified_gmt":"2026-01-12T19:01:12","slug":"rally-rally-vm-2026-alla-forare-och-alla-tavlingar-svt-nyheter","status":"publish","type":"post","link":"https:\/\/www.europesays.com\/se\/133625\/","title":{"rendered":"Rally: Rally-VM 2026: Alla f\u00f6rare och alla t\u00e4vlingar &#8211; SVT Nyheter"},"content":{"rendered":"<ol>\n<li><a href=\"https:\/\/news.google.com\/rss\/articles\/CBMigAFBVV95cUxQeXZZcHpTcmlnMzE0UDFaV2d4WE5MNnYtUW1QTWxsenh4OUFhRGFqRGVWUmVZYXl5NGtveE5xbnhXYmVPYlotbkJNNkJKczFpSUxDYXBDczZLMElKNG9TSlRqQkVtamZVWTFNLXFnV0pLdHlrcG9OYjA2X3JQbk03Ng?oc=5\" target=\"_blank\" rel=\"nofollow noopener\">Rally: Rally-VM 2026: Alla f\u00f6rare och alla t\u00e4vlingar<\/a>&nbsp;&nbsp;SVT Nyheter<\/li>\n<li><a href=\"https:\/\/news.google.com\/rss\/articles\/CBMijgFBVV95cUxPY1dzV0dJOEM5NzdzdU5NODBYTlhicG1mbGw5dXkwYUZnOEVVZUx0ZTJGQ3FsU1I4QWtGSHF5VWFEV1ZEVG9VZTdsOVoxbFBYUW1iRTBQNTNzanhGa0xYX1hkRWFuSjFGVExmTGtTRFIzczNNR1NEWjNTTktab3JmbmJGdy1pWUhaWTdoS29B?oc=5\" target=\"_blank\" rel=\"nofollow noopener\">Oliver Solberg har allt f\u00f6r att bli v\u00e4rldsm\u00e4stare i rally | Anders Lindblad<\/a>&nbsp;&nbsp;SvD<\/li>\n<li><a href=\"https:\/\/news.google.com\/rss\/articles\/CBMimgFBVV95cUxQSjUzOEJyRjIxUDdXaHZBMmZFTU15NFV2Zk1VRzlOVG90dTRBNmxUOUI1cHR0cVdFTC1NUUlIaHV0TGIwVms3VEJCTjlPNlE5RG1pWTQwNHFMRmtlUEhOM0N2RTgzUDFLYUl2TzBja3FEaG5VaTlsVDhZM1ZfT1R0bDN2TF9TQjV3dG0yR3E3czdqU2FaQ2NwYWtB?oc=5\" target=\"_blank\" rel=\"nofollow noopener\">Solberg hoppas p\u00e5 fj\u00e4rde raka vinsten i Ume\u00e5 \u2013 nu i h\u00f6gsta klassen<\/a>&nbsp;&nbsp;Sveriges Radio<\/li>\n<li><a href=\"https:\/\/news.google.com\/rss\/articles\/CBMia0FVX3lxTE1CR0RzdmJIMDhCcHU1R1VIeGczMWVoSlhac0c4dXU3UzZ2TWJzZE41T0ZJM0JQQlhmYUttbDBFLUxkNmNyOGRxVWQyN2h3S3JUZXM4Vmo1WTRrYUdFWkQ3S1RNTTB3aEZuT3A0?oc=5\" target=\"_blank\" rel=\"nofollow noopener\">Toyota Gazoo Racing visar GR Yaris Rally1 f\u00f6r WRC s\u00e4songen 2026.<\/a>&nbsp;&nbsp;emotorsport<\/li>\n<li><a href=\"https:\/\/news.google.com\/rss\/articles\/CBMingFBVV95cUxQQjR3ekVsTVVDN19EMFd1NTgtc2FVTWdJdl9DeENKWE5YaVhiQjhoRG9kY0FHYmNiT0lJRUk2djZLYVh5eGFVa0h5N0U4UUFyOExrc05vQWJQRGlaYkpOMlNKMl83YjZJWEw2eWlkamhWUXZrb05EQ2prS1RKNmtTZmR1UHFlbzJyc0NuZ1Fmdld2TG53aDlqeVdwMk1Cdw?oc=5\" target=\"_blank\" rel=\"nofollow noopener\">Solberg f\u00e5r chansen i dubbla m\u00e4sterskap direkt i Monte Carlo<\/a>&nbsp;&nbsp;NWT<\/li>\n<\/ol>\n","protected":false},"excerpt":{"rendered":"Rally: Rally-VM 2026: Alla f\u00f6rare och alla t\u00e4vlingar&nbsp;&nbsp;SVT Nyheter Oliver Solberg har allt f\u00f6r att bli v\u00e4rldsm\u00e4stare i&hellip;\n","protected":false},"author":2,"featured_media":133626,"comment_status":"","ping_status":"","sticky":false,"template":"","format":"standard","meta":{"footnotes":""},"categories":[5],"tags":[22,23,26,27,17,21,24,25,28,29,15,16,18,34,31,33,32,30,19,20],"class_list":{"0":"post-133625","1":"post","2":"type-post","3":"status-publish","4":"format-standard","5":"has-post-thumbnail","7":"category-rubriker","8":"tag-breaking-news","9":"tag-breakingnews","10":"tag-featured-news","11":"tag-featurednews","12":"tag-headlines","13":"tag-huvudnyheter","14":"tag-latest-news","15":"tag-latestnews","16":"tag-main-news","17":"tag-mainnews","18":"tag-news","19":"tag-nyheter","20":"tag-rubriker","21":"tag-se","22":"tag-svenska","23":"tag-sverige","24":"tag-sweden","25":"tag-swedish","26":"tag-top-stories","27":"tag-topstories"},"share_on_mastodon":{"url":"https:\/\/pubeurope.com\/@se\/115883676971950782","error":""},"_links":{"self":[{"href":"https:\/\/www.europesays.com\/se\/wp-json\/wp\/v2\/posts\/133625","targetHints":{"allow":["GET"]}}],"collection":[{"href":"https:\/\/www.europesays.com\/se\/wp-json\/wp\/v2\/posts"}],"about":[{"href":"https:\/\/www.europesays.com\/se\/wp-json\/wp\/v2\/types\/post"}],"author":[{"embeddable":true,"href":"https:\/\/www.europesays.com\/se\/wp-json\/wp\/v2\/users\/2"}],"replies":[{"embeddable":true,"href":"https:\/\/www.europesays.com\/se\/wp-json\/wp\/v2\/comments?post=133625"}],"version-history":[{"count":0,"href":"https:\/\/www.europesays.com\/se\/wp-json\/wp\/v2\/posts\/133625\/revisions"}],"wp:featuredmedia":[{"embeddable":true,"href":"https:\/\/www.europesays.com\/se\/wp-json\/wp\/v2\/media\/133626"}],"wp:attachment":[{"href":"https:\/\/www.europesays.com\/se\/wp-json\/wp\/v2\/media?parent=133625"}],"wp:term":[{"taxonomy":"category","embeddable":true,"href":"https:\/\/www.europesays.com\/se\/wp-json\/wp\/v2\/categories?post=133625"},{"taxonomy":"post_tag","embeddable":true,"href":"https:\/\/www.europesays.com\/se\/wp-json\/wp\/v2\/tags?post=133625"}],"curies":[{"name":"wp","href":"https:\/\/api.w.org\/{rel}","templated":true}]}}