{"id":133631,"date":"2026-01-12T19:07:42","date_gmt":"2026-01-12T19:07:42","guid":{"rendered":"https:\/\/www.europesays.com\/se\/133631\/"},"modified":"2026-01-12T19:07:42","modified_gmt":"2026-01-12T19:07:42","slug":"de-turkiska-kommunisterna-uttalar-sig-om-striderna-i-aleppo","status":"publish","type":"post","link":"https:\/\/www.europesays.com\/se\/133631\/","title":{"rendered":"De turkiska kommunisterna uttalar sig om striderna i Aleppo"},"content":{"rendered":"<p><strong>UTRIKES Aleppo har \u00e5terigen blivit sk\u00e5deplatsen f\u00f6r ett brutalt blodbad. Sammandrabbningar mellan styrkor fr\u00e5n den jihadistiska syriska regeringen och kurdiska enheter ur Syriska Demokratiska Styrkorna (SDF) har svept in civila bostadsomr\u00e5den och l\u00e4mnat f\u00f6rst\u00f6relse, f\u00f6rdrivning och r\u00e4dsla i sitt sp\u00e5r, skriver <a href=\"https:\/\/www.idcommunism.com\/2026\/01\/the-communist-party-of-turkey-on-the-bloodbath-in-syrias-aleppo-this-is-what-you-created-its-yours.html#more\" rel=\"nofollow noopener\" target=\"_blank\">In Defence of Communism.<\/a><\/strong><\/p>\n<p>Med anledning av detta har<a href=\"https:\/\/www.tkp.org.tr\/haberler\/yarattiginiz-fotografla-ovunun\/\" rel=\"nofollow noopener\" target=\"_blank\"> Turkiets kommunistiska partis (TKP)<\/a> centralkommitt\u00e9 gjort ett uttalande d\u00e4r man betonar att det imperialistiska program som genomf\u00f6rts i Syrien genom USA:s interventioner som backats upp av Storbritannien, Israel och Turkiet, har f\u00f6rt landet till randen av en ny fas av f\u00f6rst\u00f6relse. Jihadisternas framryckningar har riktats mot kurdiska kvarter och civila bos\u00e4ttningar i Aleppo och har ytterligare f\u00f6rdjupat den humanit\u00e4ra kris som breder ut sig \u00f6ver landet.<\/p>\n<p>TKP sl\u00e5r fast att den jihadistiska HTS-regimen \u00e4r fullst\u00e4ndigt utan legitimitet. Ledaren Al Jawlani, som installerades av imperialistiska makter, har ingen r\u00e4tt att besluta hur n\u00e5gon gemenskap som lever i Syrien ska leva, att ingripa i deras liv eller att tala \u00e5 deras v\u00e4gnar. HTS:s ingripande i kurdiska kvarter i Aleppo \u00e4r illegitimt och oacceptabelt, skriver man.<\/p>\n<p>TKP s\u00e4ger ocks\u00e5 att alla akt\u00f6rer p\u00e5 den syriska slagf\u00e4ltet i praktiken har accepterat den regionala plan som p\u00e5tvingats landet av imperialismen. Fr\u00e5n HTS till SDF, fr\u00e5n Turkiet till Gulfstaterna, s\u00e4tter alla akt\u00f6rer godk\u00e4nnande och st\u00f6d fr\u00e5n USA:s imperialism \u00f6ver allt annat. Inom denna plan behandlas \u00a0Israels expansionistiska politik i regionen som n\u00e5got bortom diskussion, och att det centrala m\u00e5let \u00e4r att omvandla regionen till en USA-israelisk operationsbas.<\/p>\n<p>\u201dRegionen \u2014 i synnerhet Syrien \u2014 ska omvandlas till en reservoar av billig arbetskraft, d\u00e4r fria zoner banar v\u00e4g f\u00f6r kapitalets obegr\u00e4nsade r\u00f6rlighet. M\u00e5let \u00e4r att reducera Syrien till en fragmenterad, beroende och politiskt betydelsel\u00f6s enhet\u201d h\u00e4vdar TKP i uttalandet, och forts\u00e4tter \u201dN\u00e4r turkiskt kapital f\u00f6rs\u00f6ker expandera ytterligare i ett land som permanent destabiliserats av hunger, fattigdom, krig och total utsatthet f\u00f6r utl\u00e4ndsk intervention, kommer Turkiet sj\u00e4lvt att bli allt mer s\u00e5rbart och \u00f6ppet f\u00f6r ingripanden.\u201d<\/p>\n<p>Befrielsen av b\u00e5de Syrien och Turkiet kommer endast att vara m\u00f6jlig n\u00e4r folken reser sig och f\u00f6rkastar detta uppdelningskrig, skriver de turkiska kommunisterna avslutningsvis.<\/p>\n<p>\u00a0<\/p>\n<p><a href=\"#\" rel=\"nofollow\" onclick=\"window.print(); return false;\" title=\"Printer Friendly, PDF &amp; Email\"><br \/>\n<img loading=\"lazy\" data-lazyloaded=\"1\" data-placeholder-resp=\"20x20\" width=\"20\" height=\"20\" decoding=\"async\" src=\"https:\/\/www.europesays.com\/se\/wp-content\/uploads\/2025\/09\/printfriendly-icon-md.png\" alt=\"Print Friendly, PDF &amp; Email\" class=\"pf-button-img\" style=\"width: 16px;height: 16px;\"\/>Skriv ut<br \/>\n<\/a><\/p>\n","protected":false},"excerpt":{"rendered":"UTRIKES Aleppo har \u00e5terigen blivit sk\u00e5deplatsen f\u00f6r ett brutalt blodbad. Sammandrabbningar mellan styrkor fr\u00e5n den jihadistiska syriska regeringen&hellip;\n","protected":false},"author":2,"featured_media":133632,"comment_status":"","ping_status":"","sticky":false,"template":"","format":"standard","meta":{"footnotes":""},"categories":[14],"tags":[13568,22,23,26,27,17,21,13569,1389,6843,24,25,28,29,15,16,18,13570,34,31,33,32,30,4251,13571,19,20,51,52,53,54],"class_list":{"0":"post-133631","1":"post","2":"type-post","3":"status-publish","4":"format-standard","5":"has-post-thumbnail","7":"category-varlden","8":"tag-aleppo","9":"tag-breaking-news","10":"tag-breakingnews","11":"tag-featured-news","12":"tag-featurednews","13":"tag-headlines","14":"tag-huvudnyheter","15":"tag-jihadister","16":"tag-kommunisterna","17":"tag-kurder","18":"tag-latest-news","19":"tag-latestnews","20":"tag-main-news","21":"tag-mainnews","22":"tag-news","23":"tag-nyheter","24":"tag-rubriker","25":"tag-sdf","26":"tag-se","27":"tag-svenska","28":"tag-sverige","29":"tag-sweden","30":"tag-swedish","31":"tag-syrien","32":"tag-tkp","33":"tag-top-stories","34":"tag-topstories","35":"tag-varlden","36":"tag-world","37":"tag-world-news","38":"tag-worldnews"},"share_on_mastodon":{"url":"https:\/\/pubeurope.com\/@se\/115883700696892444","error":""},"_links":{"self":[{"href":"https:\/\/www.europesays.com\/se\/wp-json\/wp\/v2\/posts\/133631","targetHints":{"allow":["GET"]}}],"collection":[{"href":"https:\/\/www.europesays.com\/se\/wp-json\/wp\/v2\/posts"}],"about":[{"href":"https:\/\/www.europesays.com\/se\/wp-json\/wp\/v2\/types\/post"}],"author":[{"embeddable":true,"href":"https:\/\/www.europesays.com\/se\/wp-json\/wp\/v2\/users\/2"}],"replies":[{"embeddable":true,"href":"https:\/\/www.europesays.com\/se\/wp-json\/wp\/v2\/comments?post=133631"}],"version-history":[{"count":0,"href":"https:\/\/www.europesays.com\/se\/wp-json\/wp\/v2\/posts\/133631\/revisions"}],"wp:featuredmedia":[{"embeddable":true,"href":"https:\/\/www.europesays.com\/se\/wp-json\/wp\/v2\/media\/133632"}],"wp:attachment":[{"href":"https:\/\/www.europesays.com\/se\/wp-json\/wp\/v2\/media?parent=133631"}],"wp:term":[{"taxonomy":"category","embeddable":true,"href":"https:\/\/www.europesays.com\/se\/wp-json\/wp\/v2\/categories?post=133631"},{"taxonomy":"post_tag","embeddable":true,"href":"https:\/\/www.europesays.com\/se\/wp-json\/wp\/v2\/tags?post=133631"}],"curies":[{"name":"wp","href":"https:\/\/api.w.org\/{rel}","templated":true}]}}