{"id":133637,"date":"2026-01-12T19:11:08","date_gmt":"2026-01-12T19:11:08","guid":{"rendered":"https:\/\/www.europesays.com\/se\/133637\/"},"modified":"2026-01-12T19:11:08","modified_gmt":"2026-01-12T19:11:08","slug":"oliver-solberg-har-allt-for-att-bli-varldsmastare-i-rally","status":"publish","type":"post","link":"https:\/\/www.europesays.com\/se\/133637\/","title":{"rendered":"Oliver Solberg har allt f\u00f6r att bli v\u00e4rldsm\u00e4stare i rally"},"content":{"rendered":"<p>Detta \u00e4r en kr\u00f6nika. Eventuella \u00e5sikter som uttrycks \u00e4r skribentens egna.<\/p>\n<p>Det var en g\u00e5ng f\u00f6r l\u00e4nge sedan som svenska rallyf\u00f6rare var v\u00e4lk\u00e4nda idoler i folkhemmet. Jag v\u00e4xte upp med namn som Tom Trana, Erik \u201dCarlsson p\u00e5 taket\u201d, Ove \u201dP\u00e5ven\u201d Andersson, Bj\u00f6rn Waldeg\u00e5rd och Stig Blomqvist. Rally var en folksport runtom i landet och den svenska VM-delt\u00e4vlingen, Svenska rallyt, ett flaggskepp som garanterade den starka statusen.<\/p>\n","protected":false},"excerpt":{"rendered":"Detta \u00e4r en kr\u00f6nika. Eventuella \u00e5sikter som uttrycks \u00e4r skribentens egna. Det var en g\u00e5ng f\u00f6r l\u00e4nge sedan&hellip;\n","protected":false},"author":2,"featured_media":133638,"comment_status":"","ping_status":"","sticky":false,"template":"","format":"standard","meta":{"footnotes":""},"categories":[68],"tags":[34,111,110,31,33,32,30],"class_list":{"0":"post-133637","1":"post","2":"type-post","3":"status-publish","4":"format-standard","5":"has-post-thumbnail","7":"category-sport","8":"tag-se","9":"tag-sport","10":"tag-sports","11":"tag-svenska","12":"tag-sverige","13":"tag-sweden","14":"tag-swedish"},"share_on_mastodon":{"url":"https:\/\/pubeurope.com\/@se\/115883716350822630","error":""},"_links":{"self":[{"href":"https:\/\/www.europesays.com\/se\/wp-json\/wp\/v2\/posts\/133637","targetHints":{"allow":["GET"]}}],"collection":[{"href":"https:\/\/www.europesays.com\/se\/wp-json\/wp\/v2\/posts"}],"about":[{"href":"https:\/\/www.europesays.com\/se\/wp-json\/wp\/v2\/types\/post"}],"author":[{"embeddable":true,"href":"https:\/\/www.europesays.com\/se\/wp-json\/wp\/v2\/users\/2"}],"replies":[{"embeddable":true,"href":"https:\/\/www.europesays.com\/se\/wp-json\/wp\/v2\/comments?post=133637"}],"version-history":[{"count":0,"href":"https:\/\/www.europesays.com\/se\/wp-json\/wp\/v2\/posts\/133637\/revisions"}],"wp:featuredmedia":[{"embeddable":true,"href":"https:\/\/www.europesays.com\/se\/wp-json\/wp\/v2\/media\/133638"}],"wp:attachment":[{"href":"https:\/\/www.europesays.com\/se\/wp-json\/wp\/v2\/media?parent=133637"}],"wp:term":[{"taxonomy":"category","embeddable":true,"href":"https:\/\/www.europesays.com\/se\/wp-json\/wp\/v2\/categories?post=133637"},{"taxonomy":"post_tag","embeddable":true,"href":"https:\/\/www.europesays.com\/se\/wp-json\/wp\/v2\/tags?post=133637"}],"curies":[{"name":"wp","href":"https:\/\/api.w.org\/{rel}","templated":true}]}}