{"id":133654,"date":"2026-01-12T19:25:06","date_gmt":"2026-01-12T19:25:06","guid":{"rendered":"https:\/\/www.europesays.com\/se\/133654\/"},"modified":"2026-01-12T19:25:06","modified_gmt":"2026-01-12T19:25:06","slug":"ud-uppmanar-svenskar-i-iran-att-lamna-landet","status":"publish","type":"post","link":"https:\/\/www.europesays.com\/se\/133654\/","title":{"rendered":"UD uppmanar svenskar i Iran att l\u00e4mna landet"},"content":{"rendered":"<p>P\u00e5 grund av s\u00e4kerhetsl\u00e4get i Iran beslutar Utrikesdepartementet p\u00e5 m\u00e5ndagskv\u00e4llen att sk\u00e4rpa avr\u00e5dan som g\u00e4ller f\u00f6r landet.<\/p>\n<p>I avr\u00e5dan uppmanar man svenskar att l\u00e4mna landet.<\/p>\n<p>UD avr\u00e5der fr\u00e5n alla resor till Iran sedan 2022.<\/p>\n<p>1\u00a0500 svenskar i landet<\/p>\n<p>Omkring 1\u00a0500 svenska medborgare bed\u00f6ms vara i Iran, enligt utrikesminister Maria Malmer Stenergard (M), som p\u00e5 m\u00e5ndagen uttryckte att hon f\u00f6ljer utvecklingen v\u00e4ldigt noggrant.<\/p>\n<p>Enligt Malmer Stenergard har regeringen f\u00e5tt uppgifter om en utveckling d\u00e4r den iranska regimen anv\u00e4nder mer v\u00e5ld \u00e4n vad som signalerats initialt, vilket man ser mycket mycket allvarligt p\u00e5.<\/p>\n<p>\u2013 Vi ser ocks\u00e5 allvarligt p\u00e5 att man st\u00e4ngt ner internet sedan ett antal dygn vilket g\u00f6r att det \u00e4r v\u00e4ldigt sv\u00e5rt att bilda sig en uppfattning om den faktiska utvecklingen, s\u00e4ger hon.<\/p>\n<p>I de landsomfattande protesterna som br\u00f6t ut den 28 december uppges n\u00e4rmare 650 personer ha d\u00f6dats. Demonstrationerna tog fart n\u00e4r butiks\u00e4gare i landets huvudstad Teheran gav sig ut p\u00e5 gatorna frustrerade \u00f6ver en rekordl\u00e5g valuta. M\u00e5nga studenter tog sig ocks\u00e5 ut p\u00e5 gatorna och d\u00e4refter har protesterna eskalerat.<\/p>\n<p>Texten uppdateras.<\/p>\n","protected":false},"excerpt":{"rendered":"P\u00e5 grund av s\u00e4kerhetsl\u00e4get i Iran beslutar Utrikesdepartementet p\u00e5 m\u00e5ndagskv\u00e4llen att sk\u00e4rpa avr\u00e5dan som g\u00e4ller f\u00f6r landet. I&hellip;\n","protected":false},"author":2,"featured_media":793,"comment_status":"","ping_status":"","sticky":false,"template":"","format":"standard","meta":{"footnotes":""},"categories":[5],"tags":[22,23,26,27,17,21,24,25,28,29,15,16,18,34,31,33,32,30,19,20],"class_list":{"0":"post-133654","1":"post","2":"type-post","3":"status-publish","4":"format-standard","5":"has-post-thumbnail","7":"category-rubriker","8":"tag-breaking-news","9":"tag-breakingnews","10":"tag-featured-news","11":"tag-featurednews","12":"tag-headlines","13":"tag-huvudnyheter","14":"tag-latest-news","15":"tag-latestnews","16":"tag-main-news","17":"tag-mainnews","18":"tag-news","19":"tag-nyheter","20":"tag-rubriker","21":"tag-se","22":"tag-svenska","23":"tag-sverige","24":"tag-sweden","25":"tag-swedish","26":"tag-top-stories","27":"tag-topstories"},"share_on_mastodon":{"url":"https:\/\/pubeurope.com\/@se\/115883771419035010","error":""},"_links":{"self":[{"href":"https:\/\/www.europesays.com\/se\/wp-json\/wp\/v2\/posts\/133654","targetHints":{"allow":["GET"]}}],"collection":[{"href":"https:\/\/www.europesays.com\/se\/wp-json\/wp\/v2\/posts"}],"about":[{"href":"https:\/\/www.europesays.com\/se\/wp-json\/wp\/v2\/types\/post"}],"author":[{"embeddable":true,"href":"https:\/\/www.europesays.com\/se\/wp-json\/wp\/v2\/users\/2"}],"replies":[{"embeddable":true,"href":"https:\/\/www.europesays.com\/se\/wp-json\/wp\/v2\/comments?post=133654"}],"version-history":[{"count":0,"href":"https:\/\/www.europesays.com\/se\/wp-json\/wp\/v2\/posts\/133654\/revisions"}],"wp:featuredmedia":[{"embeddable":true,"href":"https:\/\/www.europesays.com\/se\/wp-json\/wp\/v2\/media\/793"}],"wp:attachment":[{"href":"https:\/\/www.europesays.com\/se\/wp-json\/wp\/v2\/media?parent=133654"}],"wp:term":[{"taxonomy":"category","embeddable":true,"href":"https:\/\/www.europesays.com\/se\/wp-json\/wp\/v2\/categories?post=133654"},{"taxonomy":"post_tag","embeddable":true,"href":"https:\/\/www.europesays.com\/se\/wp-json\/wp\/v2\/tags?post=133654"}],"curies":[{"name":"wp","href":"https:\/\/api.w.org\/{rel}","templated":true}]}}