{"id":133655,"date":"2026-01-12T19:26:19","date_gmt":"2026-01-12T19:26:19","guid":{"rendered":"https:\/\/www.europesays.com\/se\/133655\/"},"modified":"2026-01-12T19:26:19","modified_gmt":"2026-01-12T19:26:19","slug":"ror-inte-vara-nattermittskifte-namninsamling-och-kampanj-pa-natet","status":"publish","type":"post","link":"https:\/\/www.europesays.com\/se\/133655\/","title":{"rendered":"R\u00f6r inte v\u00e5ra n\u00e4tter!\n|\nMittSkifte | namninsamling och kampanj p\u00e5 n\u00e4tet"},"content":{"rendered":"<p>  R\u00f6r inte v\u00e5ra n\u00e4tter!<\/p>\n<p>Vi p\u00e5 Djur\u00f6hemmet \u00e4r sedan m\u00e5nga \u00e5r en mycket fungerande nattgrupp. Nu har kommunen best\u00e4mt sig f\u00f6r att \u00e4ndra p\u00e5 v\u00e5ra arbetsf\u00f6rh\u00e5llanden rej\u00e4lt.<\/p>\n<p>Vi arbetar idag 10 timmar per natt i ett rullande 6-veckorsschema.<br \/>Vi \u00e4r alla n\u00f6jda med det och tycker att det fungerar bra med vila och \u00e5terh\u00e4mtning.V\u00e5r arbetsgivare (V\u00e4rmd\u00f6 kommun) har nu best\u00e4mt att fr.o.m mars -26 \u00e4ndra p\u00e5 schemat till 9 timmar per natt och 4-veckors schema.<\/p>\n<p>Denna inneb\u00e4r att v\u00e5r s\u00e5 v\u00e4lbeh\u00f6vliga ledighet f\u00f6r \u00e5terh\u00e4mtning f\u00f6rsvinner.<br \/>Vi kommer att ha ett rullande 4- veckorsschema vilket g\u00f6r att vi som mest \u00e4r lediga 3 n\u00e4tter.<\/p>\n<p>Att arbeta natt inneb\u00e4r stor p\u00e5frestning p\u00e5 kroppen. Det \u00e4r v\u00e4l k\u00e4nt och dokumenterat att det medf\u00f6r st\u00f6rre risker f\u00f6r diverse h\u00e4lsoproblem och sjukdomar s\u00e5 som diabetes 2, hj\u00e4rt- och k\u00e4rlsjukdomar och vissa cancerformer. Intensivt nattarbete \u00f6kar ocks\u00e5 risken f\u00f6r olyckor.Vi k\u00e4nner oss stressade och \u00f6verk\u00f6rda d\u00e5 det h\u00e4r med stor s\u00e4kerhet kommer att slita p\u00e5 oss, ta bort all gl\u00e4dje och ork vilket kan mynna ut i sjukfr\u00e5nvaro och upps\u00e4gningar.Fr\u00e4mst av allt, det h\u00e4r drabbar ocks\u00e5 v\u00e5ra boende.Risken \u00e4r slutk\u00f6rd personal med risk att \u201dmissar\u201d sker samt h\u00f6gre grad av extrapersonal d\u00e5 ordinarie inte l\u00e4ngre orkar.Trygghet och igenk\u00e4nning \u00e4r viktigt f\u00f6r v\u00e5ra gamla och dementa.Hj\u00e4lp oss att bevara v\u00e5ra scheman or\u00f6rda f\u00f6r en fortsatt v\u00e4l fungerande nattomsorg.<\/p>\n<p>Undertecknat Natten<\/p>\n","protected":false},"excerpt":{"rendered":"R\u00f6r inte v\u00e5ra n\u00e4tter! Vi p\u00e5 Djur\u00f6hemmet \u00e4r sedan m\u00e5nga \u00e5r en mycket fungerande nattgrupp. Nu har kommunen&hellip;\n","protected":false},"author":2,"featured_media":133656,"comment_status":"","ping_status":"","sticky":false,"template":"","format":"standard","meta":{"footnotes":""},"categories":[69],"tags":[113,112,34,31,33,32,30],"class_list":{"0":"post-133655","1":"post","2":"type-post","3":"status-publish","4":"format-standard","5":"has-post-thumbnail","7":"category-halsa","8":"tag-halsa","9":"tag-health","10":"tag-se","11":"tag-svenska","12":"tag-sverige","13":"tag-sweden","14":"tag-swedish"},"share_on_mastodon":{"url":"https:\/\/pubeurope.com\/@se\/115883775392727972","error":""},"_links":{"self":[{"href":"https:\/\/www.europesays.com\/se\/wp-json\/wp\/v2\/posts\/133655","targetHints":{"allow":["GET"]}}],"collection":[{"href":"https:\/\/www.europesays.com\/se\/wp-json\/wp\/v2\/posts"}],"about":[{"href":"https:\/\/www.europesays.com\/se\/wp-json\/wp\/v2\/types\/post"}],"author":[{"embeddable":true,"href":"https:\/\/www.europesays.com\/se\/wp-json\/wp\/v2\/users\/2"}],"replies":[{"embeddable":true,"href":"https:\/\/www.europesays.com\/se\/wp-json\/wp\/v2\/comments?post=133655"}],"version-history":[{"count":0,"href":"https:\/\/www.europesays.com\/se\/wp-json\/wp\/v2\/posts\/133655\/revisions"}],"wp:featuredmedia":[{"embeddable":true,"href":"https:\/\/www.europesays.com\/se\/wp-json\/wp\/v2\/media\/133656"}],"wp:attachment":[{"href":"https:\/\/www.europesays.com\/se\/wp-json\/wp\/v2\/media?parent=133655"}],"wp:term":[{"taxonomy":"category","embeddable":true,"href":"https:\/\/www.europesays.com\/se\/wp-json\/wp\/v2\/categories?post=133655"},{"taxonomy":"post_tag","embeddable":true,"href":"https:\/\/www.europesays.com\/se\/wp-json\/wp\/v2\/tags?post=133655"}],"curies":[{"name":"wp","href":"https:\/\/api.w.org\/{rel}","templated":true}]}}