{"id":133657,"date":"2026-01-12T19:27:07","date_gmt":"2026-01-12T19:27:07","guid":{"rendered":"https:\/\/www.europesays.com\/se\/133657\/"},"modified":"2026-01-12T19:27:07","modified_gmt":"2026-01-12T19:27:07","slug":"blixtpodd-tydligt-att-det-ar-den-egenskapen-farjestad-vill-ha-nu-nwt","status":"publish","type":"post","link":"https:\/\/www.europesays.com\/se\/133657\/","title":{"rendered":"BLIXTPODD: \u201dTydligt att det \u00e4r den egenskapen F\u00e4rjestad vill ha nu\u201d &#8211; NWT"},"content":{"rendered":"<ol>\n<li><a href=\"https:\/\/news.google.com\/rss\/articles\/CBMilgFBVV95cUxQTEVfN1hIVEZmRkxNNS0yRG9sWHNlRlFudlhNYlEtbDY0SHNGZ0RzQTRpeHZ0RUxHZ0o3bDFzRXZJWVlDVjFaSWxNN2dGNTBDZmRUU2VhdDBGaWtHNllvRHRmS1FES1R2WmtkTloyVjBJeUdjQkZPVmlOM0ZnZU5rZlRpaVBBT1h4VklZVDZ3RXlXWnYweUE?oc=5\" target=\"_blank\" rel=\"nofollow noopener\">BLIXTPODD: \u201dTydligt att det \u00e4r den egenskapen F\u00e4rjestad vill ha nu\u201d<\/a>&nbsp;&nbsp;NWT<\/li>\n<li><a href=\"https:\/\/news.google.com\/rss\/articles\/CBMivgFBVV95cUxNQWtIT3V0NUVrNDk1X1BFUmJkZHF1RFBQa0Q4SFV0dXhqbkpvbE5KUEpyYTlsLXpScUxnSWFVU2JuNzZnQkFpeUFmNHlTc0NGMjVPQzJySTdIT2RWUWNjS0dMYW5fNG9IWU5ubTFPNThRME9VQl82NzlNSW1LcGxTVVdyb0VsTXlQRnJQUDBHeVJEb1RMYzEtOXM4YktCQ2t0bEt0elkwRUhnR3pwUjBNU1dTMkVSQ2tRbTdRbXVB?oc=5\" target=\"_blank\" rel=\"nofollow noopener\">Samtalet med J\u00f6rgen: \u201dChockad sj\u00e4lv\u201d<\/a>&nbsp;&nbsp;Aftonbladet<\/li>\n<li><a href=\"https:\/\/news.google.com\/rss\/articles\/CBMikAFBVV95cUxPX2pkM1ZicDRrMkFGUzBxWDkxd2E0b2NnNW1EVmRLdnpia0FxQzlQN1dFREZOTWNrT3p6cGFycTNid0N1MTBwNzFSTzlBNGFHWWJwb3lmdUJUb3kzOE1HenhGV2JKNjI2WWpPa2tEdHR0bFlPSHNIaFJjUkY5Q2E0bUN0anFIeG51WjRsUFFQMXI?oc=5\" target=\"_blank\" rel=\"nofollow noopener\">Ishockey: Uppgifter: J\u00f6rgen J\u00f6nsson kan bli kvar i F\u00e4rjestad \u2013 Senaste nytt: SHL<\/a>&nbsp;&nbsp;SVT Nyheter<\/li>\n<li><a href=\"https:\/\/news.google.com\/rss\/articles\/CBMikAFBVV95cUxNZjdCcDcwZzBNdkFLOVd6U0dPaFJ1QUpteDFZa3BZSkowZTRSOFBrZGRYVVJMeng2V0NRVjM1TFFfeGxEc1VrUmNIUE1oVGF4bVE3UDI1bEVLTjhvRE4zQWJfX0dXQUZtZEl3YkVUWGJRRjBlSEdmcXpwRHJzWXY4S1QtMDNrV0ZvS0lwblVWUW0?oc=5\" target=\"_blank\" rel=\"nofollow noopener\">AVSL\u00d6JAR: Efter turbulensen \u2013 J\u00f6nsson kan bli kvar i F\u00e4rjestad<\/a>&nbsp;&nbsp;NWT<\/li>\n<li><a href=\"https:\/\/news.google.com\/rss\/articles\/CBMiygFBVV95cUxNTUVob2JLZkFhbnl2dkZlYVJyVDZZbGJWV2RuM0J0QmRXclJhZFNtbi10aDdqQTlYcEtKX1ZGNE9GbjRrcmhseHhBMmp5Ym01UHVkdUY4Z0ZPNjJXSVFmNUtiMjcxYklnMEZfUmE4Sml4VEdYdUk3Wlk5aUpUcFFrQzJGRXIzbUQ0alBMM2h6ejBVZjBXWjcwWFJxZ1B5VWx1QVhMSHhRbEl0UXZTaUFYUW45WjFIWk1VNlBGVXF0TEtkdEZHOEo5SzlR?oc=5\" target=\"_blank\" rel=\"nofollow noopener\">\u201dHur m\u00e5nga chock- news har han i sig?\u201d<\/a>&nbsp;&nbsp;Expressen<\/li>\n<\/ol>\n","protected":false},"excerpt":{"rendered":"BLIXTPODD: \u201dTydligt att det \u00e4r den egenskapen F\u00e4rjestad vill ha nu\u201d&nbsp;&nbsp;NWT Samtalet med J\u00f6rgen: \u201dChockad sj\u00e4lv\u201d&nbsp;&nbsp;Aftonbladet Ishockey: Uppgifter:&hellip;\n","protected":false},"author":2,"featured_media":133658,"comment_status":"","ping_status":"","sticky":false,"template":"","format":"standard","meta":{"footnotes":""},"categories":[68],"tags":[34,111,110,31,33,32,30],"class_list":{"0":"post-133657","1":"post","2":"type-post","3":"status-publish","4":"format-standard","5":"has-post-thumbnail","7":"category-sport","8":"tag-se","9":"tag-sport","10":"tag-sports","11":"tag-svenska","12":"tag-sverige","13":"tag-sweden","14":"tag-swedish"},"share_on_mastodon":{"url":"https:\/\/pubeurope.com\/@se\/115883779209121099","error":""},"_links":{"self":[{"href":"https:\/\/www.europesays.com\/se\/wp-json\/wp\/v2\/posts\/133657","targetHints":{"allow":["GET"]}}],"collection":[{"href":"https:\/\/www.europesays.com\/se\/wp-json\/wp\/v2\/posts"}],"about":[{"href":"https:\/\/www.europesays.com\/se\/wp-json\/wp\/v2\/types\/post"}],"author":[{"embeddable":true,"href":"https:\/\/www.europesays.com\/se\/wp-json\/wp\/v2\/users\/2"}],"replies":[{"embeddable":true,"href":"https:\/\/www.europesays.com\/se\/wp-json\/wp\/v2\/comments?post=133657"}],"version-history":[{"count":0,"href":"https:\/\/www.europesays.com\/se\/wp-json\/wp\/v2\/posts\/133657\/revisions"}],"wp:featuredmedia":[{"embeddable":true,"href":"https:\/\/www.europesays.com\/se\/wp-json\/wp\/v2\/media\/133658"}],"wp:attachment":[{"href":"https:\/\/www.europesays.com\/se\/wp-json\/wp\/v2\/media?parent=133657"}],"wp:term":[{"taxonomy":"category","embeddable":true,"href":"https:\/\/www.europesays.com\/se\/wp-json\/wp\/v2\/categories?post=133657"},{"taxonomy":"post_tag","embeddable":true,"href":"https:\/\/www.europesays.com\/se\/wp-json\/wp\/v2\/tags?post=133657"}],"curies":[{"name":"wp","href":"https:\/\/api.w.org\/{rel}","templated":true}]}}