{"id":133661,"date":"2026-01-12T19:32:11","date_gmt":"2026-01-12T19:32:11","guid":{"rendered":"https:\/\/www.europesays.com\/se\/133661\/"},"modified":"2026-01-12T19:32:11","modified_gmt":"2026-01-12T19:32:11","slug":"atal-vackt-for-bl-a-grovt-hot-mot-tjansteman-grov-skadegorelse-och-grov-mordbrand","status":"publish","type":"post","link":"https:\/\/www.europesays.com\/se\/133661\/","title":{"rendered":"\u00c5tal v\u00e4ckt f\u00f6r bl.a. grovt hot mot tj\u00e4nsteman, grov skadeg\u00f6relse och grov mordbrand"},"content":{"rendered":"<p>\u00c5talet omfattar egenm\u00e4ktighet med barn, grovt brott, grovt \u00f6vergrepp i r\u00e4ttssak, grova hot mot tj\u00e4nsteman, st\u00e4mpling till grovt hot mot tj\u00e4nsteman, grova mordbr\u00e4nder och grov skadeg\u00f6relse.<\/p>\n<p>En man i 40-\u00e5rs\u00e5ldern \u00e5talas f\u00f6r samtliga brott.<\/p>\n<p>Fem av de \u00e5talade, fyra m\u00e4n och en kvinna, \u00e5talas f\u00f6r att den 3 mars ha f\u00f6rt bort och undanh\u00e5llit tre jourhemsplacerade barn under femton \u00e5r fr\u00e5n sitt familjehem. Undanh\u00e5llandet p\u00e5gick fram till den 17 april.<\/p>\n<p>Den misst\u00e4nkta huvudmannen \u00e4r h\u00e4ktad i sin utevaro och befinner sig i ett land som inte har utl\u00e4mningsavtal med Sverige.<\/p>\n<p>\u2013 Brotten har i huvudsak riktats mot tj\u00e4nstem\u00e4n inom socialtj\u00e4nsten och f\u00f6rtroendevalda kommunpolitiker i syfte att p\u00e5verka deras beslutsfattande. Brottsligheten \u00e4r av systemhotande karakt\u00e4r och mycket allvarlig, s\u00e4ger senior \u00e5klagare Sara Norling.<\/p>\n<p>Utredningen har bedrivits av lokalpolisomr\u00e5de i Huddinge och J\u00e4rf\u00e4lla samt sektioner inom polisregion Stockholm, under ledning av \u00e5klagare fr\u00e5n City \u00e5klagarkammare.<\/p>\n<p>\u2013 \u00c4rendet har varit en utmaning i flera delar. \u00c4rendena har 40 m\u00e5ls\u00e4gande som utsatts f\u00f6r en brottslighet som \u00e4r demokratihotande. Genom utredningen har det tydligt framkommit att hotakt\u00f6rens intentioner har varit att p\u00e5verka v\u00e5rt samh\u00e4lles grundl\u00e4ggande v\u00e4rderingar, s\u00e4ger Johan Allard, polisens \u00e4rendeansvarige.<\/p>\n<p>Huvudf\u00f6rhandlingen startar den 23 januari och \u00e4r planerad att p\u00e5g\u00e5 under 11 dagar.<\/p>\n<p>M\u00e5lnummer vid S\u00f6dert\u00f6rns tingsr\u00e4tt: B 10187-25.\u00a0<\/p>\n<p>\u00c5klagaren \u00e4r inte tillg\u00e4nglig f\u00f6r media.<\/p>\n","protected":false},"excerpt":{"rendered":"\u00c5talet omfattar egenm\u00e4ktighet med barn, grovt brott, grovt \u00f6vergrepp i r\u00e4ttssak, grova hot mot tj\u00e4nsteman, st\u00e4mpling till grovt&hellip;\n","protected":false},"author":2,"featured_media":5946,"comment_status":"","ping_status":"","sticky":false,"template":"","format":"standard","meta":{"footnotes":""},"categories":[12],"tags":[980,979,22,23,26,27,17,21,24,25,28,29,15,16,18,34,31,33,32,30,19,20],"class_list":{"0":"post-133661","1":"post","2":"type-post","3":"status-publish","4":"format-standard","5":"has-post-thumbnail","7":"category-sverige","8":"tag-klagarmyndigheten","9":"tag-klagare","10":"tag-breaking-news","11":"tag-breakingnews","12":"tag-featured-news","13":"tag-featurednews","14":"tag-headlines","15":"tag-huvudnyheter","16":"tag-latest-news","17":"tag-latestnews","18":"tag-main-news","19":"tag-mainnews","20":"tag-news","21":"tag-nyheter","22":"tag-rubriker","23":"tag-se","24":"tag-svenska","25":"tag-sverige","26":"tag-sweden","27":"tag-swedish","28":"tag-top-stories","29":"tag-topstories"},"share_on_mastodon":{"url":"https:\/\/pubeurope.com\/@se\/115883798992276563","error":""},"_links":{"self":[{"href":"https:\/\/www.europesays.com\/se\/wp-json\/wp\/v2\/posts\/133661","targetHints":{"allow":["GET"]}}],"collection":[{"href":"https:\/\/www.europesays.com\/se\/wp-json\/wp\/v2\/posts"}],"about":[{"href":"https:\/\/www.europesays.com\/se\/wp-json\/wp\/v2\/types\/post"}],"author":[{"embeddable":true,"href":"https:\/\/www.europesays.com\/se\/wp-json\/wp\/v2\/users\/2"}],"replies":[{"embeddable":true,"href":"https:\/\/www.europesays.com\/se\/wp-json\/wp\/v2\/comments?post=133661"}],"version-history":[{"count":0,"href":"https:\/\/www.europesays.com\/se\/wp-json\/wp\/v2\/posts\/133661\/revisions"}],"wp:featuredmedia":[{"embeddable":true,"href":"https:\/\/www.europesays.com\/se\/wp-json\/wp\/v2\/media\/5946"}],"wp:attachment":[{"href":"https:\/\/www.europesays.com\/se\/wp-json\/wp\/v2\/media?parent=133661"}],"wp:term":[{"taxonomy":"category","embeddable":true,"href":"https:\/\/www.europesays.com\/se\/wp-json\/wp\/v2\/categories?post=133661"},{"taxonomy":"post_tag","embeddable":true,"href":"https:\/\/www.europesays.com\/se\/wp-json\/wp\/v2\/tags?post=133661"}],"curies":[{"name":"wp","href":"https:\/\/api.w.org\/{rel}","templated":true}]}}