{"id":133662,"date":"2026-01-12T19:33:07","date_gmt":"2026-01-12T19:33:07","guid":{"rendered":"https:\/\/www.europesays.com\/se\/133662\/"},"modified":"2026-01-12T19:33:07","modified_gmt":"2026-01-12T19:33:07","slug":"friidrott-skrallen-nora-lindahl-vill-byta-till-finland","status":"publish","type":"post","link":"https:\/\/www.europesays.com\/se\/133662\/","title":{"rendered":"Friidrott: Skr\u00e4llen: Nora Lindahl vill byta till Finland"},"content":{"rendered":"<p>Lindahls mamma \u00e4r fr\u00e5n Sverige och pappa fr\u00e5n Finland. Sj\u00e4lv \u00e4r hon f\u00f6dd i Luxemburg, d\u00e4r familjen bott under m\u00e5nga \u00e5r.<\/p>\n<p>Det finska f\u00f6rbundet har varit i kontakt med Sveriges friidrottsf\u00f6rbund och nu har en ans\u00f6kan skickats in till det internationella f\u00f6rbundet (WA). <\/p>\n<p>Nu v\u00e4ntar det finska f\u00f6rbundet och Lindahl p\u00e5 att ans\u00f6kan ska behandlas av WA:s utskott som tar hand om \u00f6verg\u00e5ngar.<\/p>\n<p>\u00c4ven om Nora Lindahl har representerat Sverige en l\u00e4ngre tid har hennes band till pappa Markus hemland h\u00e5llits starka.<\/p>\n<p>\u201dJag \u00e4lskar att t\u00e4vla i Finland\u201d<\/p>\n<p>Lindahl har t\u00e4vlat en hel del i Finland och representerat HIFK i stafett-FM vid n\u00e5gra tillf\u00e4llen.<\/p>\n<p>\u2013 Jag \u00e4lskar att t\u00e4vla i Finland. St\u00e4mningen \u00e4r alltid p\u00e5 topp och idrottarna \u00e4r v\u00e4nliga mot varandra, <a href=\"https:\/\/yle.fi\/a\/7-10091247\" rel=\"nofollow noopener\" target=\"_blank\">ber\u00e4ttar Lindahl enligt YLE.<\/a><\/p>\n<p>Internationella f\u00f6rbundets kutym \u00e4r att karenstiden \u00e4r tre \u00e5r d\u00e5 en idrottare v\u00e4ljer att byta landslag. P\u00e5 vissa grunder g\u00e5r det att ans\u00f6ka om att karenstiden f\u00f6rkortas, n\u00e5got som det finska f\u00f6rbundet har gjort.<\/p>\n<p>Lindahl t\u00e4vlade f\u00f6r Sverige i f\u00f6rra \u00e5rets VM i Tokyo, vilket inneb\u00e4r att karenstiden kan p\u00e5g\u00e5 till h\u00f6sten 2028.<\/p>\n<p>\u2013 Det \u00e4r upp till WA att best\u00e4mma. Jag f\u00e5r bara v\u00e4nta p\u00e5 deras beslut. Jag har accepterat att missa EM i Birmingham och VM i Peking. Men hoppas jag f\u00e5r t\u00e4vla i LA 2028, <a href=\"https:\/\/www.expressen.se\/sport\/friidrott\/svenska-friidrottaren-nora-lindahl-vill-borja-tavla-for-finland\/\" rel=\"nofollow noopener\" target=\"_blank\">s\u00e4ger Lindahl till Expressen. <\/a><\/p>\n<p>Lindahl \u00e4r trea genom tiderna i Sverige p\u00e5 200 meter med tiden 22,88 efter Julia Henriksson, 22,69, och Linda Haglund, 22,82. <\/p>\n","protected":false},"excerpt":{"rendered":"Lindahls mamma \u00e4r fr\u00e5n Sverige och pappa fr\u00e5n Finland. Sj\u00e4lv \u00e4r hon f\u00f6dd i Luxemburg, d\u00e4r familjen bott&hellip;\n","protected":false},"author":2,"featured_media":133663,"comment_status":"","ping_status":"","sticky":false,"template":"","format":"standard","meta":{"footnotes":""},"categories":[5],"tags":[22,23,26,27,17,21,24,25,28,29,15,16,18,34,31,33,32,30,19,20],"class_list":{"0":"post-133662","1":"post","2":"type-post","3":"status-publish","4":"format-standard","5":"has-post-thumbnail","7":"category-rubriker","8":"tag-breaking-news","9":"tag-breakingnews","10":"tag-featured-news","11":"tag-featurednews","12":"tag-headlines","13":"tag-huvudnyheter","14":"tag-latest-news","15":"tag-latestnews","16":"tag-main-news","17":"tag-mainnews","18":"tag-news","19":"tag-nyheter","20":"tag-rubriker","21":"tag-se","22":"tag-svenska","23":"tag-sverige","24":"tag-sweden","25":"tag-swedish","26":"tag-top-stories","27":"tag-topstories"},"share_on_mastodon":{"url":"https:\/\/pubeurope.com\/@se\/115883802767289070","error":""},"_links":{"self":[{"href":"https:\/\/www.europesays.com\/se\/wp-json\/wp\/v2\/posts\/133662","targetHints":{"allow":["GET"]}}],"collection":[{"href":"https:\/\/www.europesays.com\/se\/wp-json\/wp\/v2\/posts"}],"about":[{"href":"https:\/\/www.europesays.com\/se\/wp-json\/wp\/v2\/types\/post"}],"author":[{"embeddable":true,"href":"https:\/\/www.europesays.com\/se\/wp-json\/wp\/v2\/users\/2"}],"replies":[{"embeddable":true,"href":"https:\/\/www.europesays.com\/se\/wp-json\/wp\/v2\/comments?post=133662"}],"version-history":[{"count":0,"href":"https:\/\/www.europesays.com\/se\/wp-json\/wp\/v2\/posts\/133662\/revisions"}],"wp:featuredmedia":[{"embeddable":true,"href":"https:\/\/www.europesays.com\/se\/wp-json\/wp\/v2\/media\/133663"}],"wp:attachment":[{"href":"https:\/\/www.europesays.com\/se\/wp-json\/wp\/v2\/media?parent=133662"}],"wp:term":[{"taxonomy":"category","embeddable":true,"href":"https:\/\/www.europesays.com\/se\/wp-json\/wp\/v2\/categories?post=133662"},{"taxonomy":"post_tag","embeddable":true,"href":"https:\/\/www.europesays.com\/se\/wp-json\/wp\/v2\/tags?post=133662"}],"curies":[{"name":"wp","href":"https:\/\/api.w.org\/{rel}","templated":true}]}}