{"id":133664,"date":"2026-01-12T19:35:10","date_gmt":"2026-01-12T19:35:10","guid":{"rendered":"https:\/\/www.europesays.com\/se\/133664\/"},"modified":"2026-01-12T19:35:10","modified_gmt":"2026-01-12T19:35:10","slug":"korta-avtal-for-berg-och-wendt-men-vi-tror-pa-dem-allsvenskan","status":"publish","type":"post","link":"https:\/\/www.europesays.com\/se\/133664\/","title":{"rendered":"Korta avtal f\u00f6r Berg och Wendt: &#8221;Men vi tror p\u00e5 dem&#8221; &#8211; Allsvenskan"},"content":{"rendered":"<p>N\u00e4r IFK G\u00f6teborg startade s\u00e4songen i b\u00f6rjan av f\u00f6rra veckan var b\u00e5de Marcus Berg och Oscar Wendt p\u00e5 plats, trots att deras avtal hade l\u00f6pt ut.<\/p>\n<p>I helgen blev det officiellt att duon blir kvar i klubben. N\u00e5got sportchef Hannes Stiller \u00e4r v\u00e4ldigt positiv till.<\/p>\n<p>&#8211; B\u00e5da har efter sina avslutade spelarkarri\u00e4rer st\u00e4llt om och vuxit in i v\u00e5r organisation j\u00e4ttebra. Jag tror det \u00e4r viktigt f\u00f6r IFK G\u00f6teborg att hitta personer som \u00e4r v\u00e4ldigt dedikerade och som f\u00f6rhoppningsvis kommer vara h\u00e4r \u00f6ver tid. Att ha dem h\u00e4r ett \u00e5r till initialt \u00e4r v\u00e4ldigt bra f\u00f6r oss, s\u00e4ger Stiller.<\/p>\n<p>De nya avtalen g\u00e4ller \u00f6ver 2026.<\/p>\n<p>&#8211; Det \u00e4r en dialog vi haft l\u00e4ngs v\u00e4gen. Jag kan f\u00f6rst\u00e5 att det l\u00e5ter som kort tid och att vi inte tror p\u00e5 dem. Men s\u00e5 \u00e4r det inte.<\/p>\n<p>Enligt Stiller var alla \u00f6verens om att ta ett \u00e5r i taget.<\/p>\n<p>&#8211; Alla \u00e4r ganska flexibla i det man g\u00f6r och vill landa exakt i vad man ska g\u00f6ra. D\u00e4rf\u00f6r valde vi gemensamt att f\u00f6rh\u00e5lla oss till ett \u00e5r. Nu kan vi utv\u00e4rdera under tiden och se om man har hamnat r\u00e4tt. Och se om vi utnyttjar v\u00e5r kompetens p\u00e5 b\u00e4sta s\u00e4tt och d\u00e4refter se vilka arbetsuppgifter det kan bli fram\u00e5t.<\/p>\n<p>Berg kliver nu in p\u00e5 sin tredje s\u00e4song i ledarstaben medan Wendt p\u00e5b\u00f6rjar sitt andra i den sportsliga ledningen. I samband med kontraktsf\u00f6rl\u00e4ngningen meddelade klubben \u00e4ven att Wendt, som g\u00e5tt tr\u00e4narutbildning, f\u00e5r en ut\u00f6kad roll med fokus p\u00e5 yngre spelare.<\/p>\n<p>&#8211; Han kommer kunna vara med och coacha dem p\u00e5 individuell basis i andra fr\u00e5gor som sker utanf\u00f6r planen. Exempelvis i hur processen till att bli en elitspelare kan se ut. Han har ju en fantastisk karri\u00e4r och vet vad som kr\u00e4vs f\u00f6r att n\u00e5 hela v\u00e4gen ut. Att ha honom till att f\u00f6rmedla detta till v\u00e5ra yngre spelare \u00e4r en j\u00e4ttetillg\u00e5ng.<\/p>\n","protected":false},"excerpt":{"rendered":"N\u00e4r IFK G\u00f6teborg startade s\u00e4songen i b\u00f6rjan av f\u00f6rra veckan var b\u00e5de Marcus Berg och Oscar Wendt p\u00e5&hellip;\n","protected":false},"author":2,"featured_media":133665,"comment_status":"","ping_status":"","sticky":false,"template":"","format":"standard","meta":{"footnotes":""},"categories":[68],"tags":[34,111,110,31,33,32,30],"class_list":{"0":"post-133664","1":"post","2":"type-post","3":"status-publish","4":"format-standard","5":"has-post-thumbnail","7":"category-sport","8":"tag-se","9":"tag-sport","10":"tag-sports","11":"tag-svenska","12":"tag-sverige","13":"tag-sweden","14":"tag-swedish"},"share_on_mastodon":{"url":"https:\/\/pubeurope.com\/@se\/115883810661605541","error":""},"_links":{"self":[{"href":"https:\/\/www.europesays.com\/se\/wp-json\/wp\/v2\/posts\/133664","targetHints":{"allow":["GET"]}}],"collection":[{"href":"https:\/\/www.europesays.com\/se\/wp-json\/wp\/v2\/posts"}],"about":[{"href":"https:\/\/www.europesays.com\/se\/wp-json\/wp\/v2\/types\/post"}],"author":[{"embeddable":true,"href":"https:\/\/www.europesays.com\/se\/wp-json\/wp\/v2\/users\/2"}],"replies":[{"embeddable":true,"href":"https:\/\/www.europesays.com\/se\/wp-json\/wp\/v2\/comments?post=133664"}],"version-history":[{"count":0,"href":"https:\/\/www.europesays.com\/se\/wp-json\/wp\/v2\/posts\/133664\/revisions"}],"wp:featuredmedia":[{"embeddable":true,"href":"https:\/\/www.europesays.com\/se\/wp-json\/wp\/v2\/media\/133665"}],"wp:attachment":[{"href":"https:\/\/www.europesays.com\/se\/wp-json\/wp\/v2\/media?parent=133664"}],"wp:term":[{"taxonomy":"category","embeddable":true,"href":"https:\/\/www.europesays.com\/se\/wp-json\/wp\/v2\/categories?post=133664"},{"taxonomy":"post_tag","embeddable":true,"href":"https:\/\/www.europesays.com\/se\/wp-json\/wp\/v2\/tags?post=133664"}],"curies":[{"name":"wp","href":"https:\/\/api.w.org\/{rel}","templated":true}]}}