{"id":133668,"date":"2026-01-12T19:40:12","date_gmt":"2026-01-12T19:40:12","guid":{"rendered":"https:\/\/www.europesays.com\/se\/133668\/"},"modified":"2026-01-12T19:40:12","modified_gmt":"2026-01-12T19:40:12","slug":"gatuchefen-om-snorojningen-det-har-vi-lyckats-med","status":"publish","type":"post","link":"https:\/\/www.europesays.com\/se\/133668\/","title":{"rendered":"Gatuchefen om sn\u00f6r\u00f6jningen: &#8221;Det har vi lyckats med&#8221;"},"content":{"rendered":"<p class=\"fraga\">Danderyd<\/p>\n<p class=\"text\">Sn\u00f6r\u00f6jarna hann inte k\u00f6ra kommunen runt innan sn\u00f6n hade lagt sig tjock igen. S\u00e5 har det sett ut i Danderyd den senaste tiden.<\/p>\n<p class=\"text\">\u2013 Det var n\u00e4stan att man hade gett upp hoppet om n\u00e5gon sn\u00f6. Sedan sn\u00f6ade det hela l\u00e5nghelgen fram till i slutet av veckan. D\u00e5 var det r\u00f6jning i stort sett dygnet runt, s\u00e4ger Jan Lundberg, park- och gatuchef p\u00e5 Danderyds kommun.<\/p>\n<p class=\"citat\">Vi hann sn\u00f6r\u00f6ja det v\u00e4rsta mellan varje sn\u00f6fall.<\/p>\n<p class=\"text\">I Danderyd har de s\u00e5 kallade &#8221;A-gatorna&#8221; h\u00f6gst prioritet n\u00e4r sn\u00f6n faller p\u00e5. Det \u00e4r gator d\u00e4r kollektivtrafiken k\u00f6rs, som huvudgator. Till A-gatorna r\u00e4knas ocks\u00e5 regionala cykelstr\u00e5ket. Enligt Jan Lundberg ska dessa v\u00e4gar vara vara plogade inom fyra timmar fr\u00e5n att f\u00f6rsta sn\u00f6n faller. <\/p>\n<p class=\"text\">\u2013 Det har vi lyckats med. I den h\u00e4r regionen var vi ganska f\u00f6rskonade j\u00e4mf\u00f6rt med Norrlandskusten eller i G\u00f6teborg. S\u00e5 vi hann sn\u00f6r\u00f6ja det v\u00e4rsta mellan varje sn\u00f6fall, s\u00e4ger han.<\/p>\n<p class=\"text\">I andra hand plogas gator i bostadsomr\u00e5den. Privata v\u00e4gar som ligger inom samh\u00e4lligheter eller f\u00f6reningar f\u00e5r respektive f\u00f6rening sk\u00f6ta sj\u00e4lva.<\/p>\n<p>Halkbek\u00e4mpning tar vid<\/p>\n<p class=\"text\">N\u00e4r den v\u00e4rsta sn\u00f6n \u00e4r undanskuffad tar halkbek\u00e4mpningen vid.<\/p>\n<p class=\"text\">Lokalgatorna sandas och bussv\u00e4garna saltas. De regionala cykelstr\u00e5ken sopsaltas.<\/p>\n<p class=\"text\">\u2013 Det \u00e4r d\u00e4rf\u00f6r man ibland ser dem fria fr\u00e5n sn\u00f6. Det \u00e4r f\u00f6r att man ska kunna cykla \u00e5ret om, s\u00e4ger Jan Lundberg.<\/p>\n<p class=\"text\">Trots den stora m\u00e4ngd sn\u00f6 som fallit \u00f6ver Danderyd och Stockholm, upplever Jan Lundberg inte n\u00e5gon st\u00f6rre missn\u00f6jesstorm fr\u00e5n Danderydsborna.<\/p>\n<p class=\"text\">\u2013 Vi brukar kunna se det p\u00e5 antalet felanm\u00e4lningar som kommer in. Visst har det kommit in n\u00e5gra under l\u00e5nghelgen om att det inte \u00e4r ordentligt sandat, d\u00e5ligt plogat eller n\u00e5gon sn\u00f6vall som st\u00e5r lite konstigt. Men det har inte varit s\u00e5 farligt, s\u00e4ger han utan att kunna specificera exakt hur m\u00e5nga anm\u00e4lningar kommunen har f\u00e5tt in.<\/p>\n","protected":false},"excerpt":{"rendered":"Danderyd Sn\u00f6r\u00f6jarna hann inte k\u00f6ra kommunen runt innan sn\u00f6n hade lagt sig tjock igen. S\u00e5 har det sett&hellip;\n","protected":false},"author":2,"featured_media":133669,"comment_status":"","ping_status":"","sticky":false,"template":"","format":"standard","meta":{"footnotes":""},"categories":[12],"tags":[22,23,26,27,17,21,24,25,28,29,15,16,18,34,31,33,32,30,19,20],"class_list":{"0":"post-133668","1":"post","2":"type-post","3":"status-publish","4":"format-standard","5":"has-post-thumbnail","7":"category-sverige","8":"tag-breaking-news","9":"tag-breakingnews","10":"tag-featured-news","11":"tag-featurednews","12":"tag-headlines","13":"tag-huvudnyheter","14":"tag-latest-news","15":"tag-latestnews","16":"tag-main-news","17":"tag-mainnews","18":"tag-news","19":"tag-nyheter","20":"tag-rubriker","21":"tag-se","22":"tag-svenska","23":"tag-sverige","24":"tag-sweden","25":"tag-swedish","26":"tag-top-stories","27":"tag-topstories"},"share_on_mastodon":{"url":"https:\/\/pubeurope.com\/@se\/115883830396107124","error":""},"_links":{"self":[{"href":"https:\/\/www.europesays.com\/se\/wp-json\/wp\/v2\/posts\/133668","targetHints":{"allow":["GET"]}}],"collection":[{"href":"https:\/\/www.europesays.com\/se\/wp-json\/wp\/v2\/posts"}],"about":[{"href":"https:\/\/www.europesays.com\/se\/wp-json\/wp\/v2\/types\/post"}],"author":[{"embeddable":true,"href":"https:\/\/www.europesays.com\/se\/wp-json\/wp\/v2\/users\/2"}],"replies":[{"embeddable":true,"href":"https:\/\/www.europesays.com\/se\/wp-json\/wp\/v2\/comments?post=133668"}],"version-history":[{"count":0,"href":"https:\/\/www.europesays.com\/se\/wp-json\/wp\/v2\/posts\/133668\/revisions"}],"wp:featuredmedia":[{"embeddable":true,"href":"https:\/\/www.europesays.com\/se\/wp-json\/wp\/v2\/media\/133669"}],"wp:attachment":[{"href":"https:\/\/www.europesays.com\/se\/wp-json\/wp\/v2\/media?parent=133668"}],"wp:term":[{"taxonomy":"category","embeddable":true,"href":"https:\/\/www.europesays.com\/se\/wp-json\/wp\/v2\/categories?post=133668"},{"taxonomy":"post_tag","embeddable":true,"href":"https:\/\/www.europesays.com\/se\/wp-json\/wp\/v2\/tags?post=133668"}],"curies":[{"name":"wp","href":"https:\/\/api.w.org\/{rel}","templated":true}]}}