{"id":133678,"date":"2026-01-12T19:48:06","date_gmt":"2026-01-12T19:48:06","guid":{"rendered":"https:\/\/www.europesays.com\/se\/133678\/"},"modified":"2026-01-12T19:48:06","modified_gmt":"2026-01-12T19:48:06","slug":"civila-fartyg-attackerade-i-svart-havet","status":"publish","type":"post","link":"https:\/\/www.europesays.com\/se\/133678\/","title":{"rendered":"Civila fartyg attackerade i Svart havet"},"content":{"rendered":"<p>share-arrowDela<\/p>\n<p>unsaveSpara<\/p>\n<p class=\"hyperion-css-1shl3oz\" data-test-tag=\"lead-text\">Ryssland har attackerat tv\u00e5 civila fartyg som transporterade livsmedel i Svarta havet, uppger Oleksij Kuleba, minister med ansvar f\u00f6r Ukrainas \u00e5teruppbyggnad.<\/p>\n<p class=\"hyperion-css-1v9qo5x\">Attackerna utl\u00f6ste en brand ombord p\u00e5 ett av fartygen och en i bes\u00e4ttningen skadades, till\u00e4gger Kuleba i inl\u00e4gget p\u00e5 Telegram.<\/p>\n<p class=\"hyperion-css-1v9qo5x\">\u201dDetta \u00e4r ytterligare bevis p\u00e5 att Ryssland medvetet attackerar civila fartyg och hotar internationell handel och s\u00e4kerheten till havs\u201d, skriver han.<\/p>\n<p class=\"hyperion-css-1v9qo5x\">Ryssland har vid upprepade tillf\u00e4llen attackerat fartyg p\u00e5 v\u00e4g mot ukrainska hamnar under kriget, vilket Kiev beskriver som en \u201dterror\u201d-kampanj f\u00f6r att strypa Ukrainas export till sj\u00f6ss.<\/p>\n","protected":false},"excerpt":{"rendered":"share-arrowDela unsaveSpara Ryssland har attackerat tv\u00e5 civila fartyg som transporterade livsmedel i Svarta havet, uppger Oleksij Kuleba, minister&hellip;\n","protected":false},"author":2,"featured_media":465,"comment_status":"","ping_status":"","sticky":false,"template":"","format":"standard","meta":{"footnotes":""},"categories":[14],"tags":[22,23,26,27,17,21,24,25,28,29,15,16,18,34,31,33,32,30,19,20,51,52,53,54],"class_list":{"0":"post-133678","1":"post","2":"type-post","3":"status-publish","4":"format-standard","5":"has-post-thumbnail","7":"category-varlden","8":"tag-breaking-news","9":"tag-breakingnews","10":"tag-featured-news","11":"tag-featurednews","12":"tag-headlines","13":"tag-huvudnyheter","14":"tag-latest-news","15":"tag-latestnews","16":"tag-main-news","17":"tag-mainnews","18":"tag-news","19":"tag-nyheter","20":"tag-rubriker","21":"tag-se","22":"tag-svenska","23":"tag-sverige","24":"tag-sweden","25":"tag-swedish","26":"tag-top-stories","27":"tag-topstories","28":"tag-varlden","29":"tag-world","30":"tag-world-news","31":"tag-worldnews"},"share_on_mastodon":{"url":"https:\/\/pubeurope.com\/@se\/115883861851496144","error":""},"_links":{"self":[{"href":"https:\/\/www.europesays.com\/se\/wp-json\/wp\/v2\/posts\/133678","targetHints":{"allow":["GET"]}}],"collection":[{"href":"https:\/\/www.europesays.com\/se\/wp-json\/wp\/v2\/posts"}],"about":[{"href":"https:\/\/www.europesays.com\/se\/wp-json\/wp\/v2\/types\/post"}],"author":[{"embeddable":true,"href":"https:\/\/www.europesays.com\/se\/wp-json\/wp\/v2\/users\/2"}],"replies":[{"embeddable":true,"href":"https:\/\/www.europesays.com\/se\/wp-json\/wp\/v2\/comments?post=133678"}],"version-history":[{"count":0,"href":"https:\/\/www.europesays.com\/se\/wp-json\/wp\/v2\/posts\/133678\/revisions"}],"wp:featuredmedia":[{"embeddable":true,"href":"https:\/\/www.europesays.com\/se\/wp-json\/wp\/v2\/media\/465"}],"wp:attachment":[{"href":"https:\/\/www.europesays.com\/se\/wp-json\/wp\/v2\/media?parent=133678"}],"wp:term":[{"taxonomy":"category","embeddable":true,"href":"https:\/\/www.europesays.com\/se\/wp-json\/wp\/v2\/categories?post=133678"},{"taxonomy":"post_tag","embeddable":true,"href":"https:\/\/www.europesays.com\/se\/wp-json\/wp\/v2\/tags?post=133678"}],"curies":[{"name":"wp","href":"https:\/\/api.w.org\/{rel}","templated":true}]}}