{"id":133682,"date":"2026-01-12T19:52:08","date_gmt":"2026-01-12T19:52:08","guid":{"rendered":"https:\/\/www.europesays.com\/se\/133682\/"},"modified":"2026-01-12T19:52:08","modified_gmt":"2026-01-12T19:52:08","slug":"abbott-ny-tranare-i-farjestad-en-utmaning","status":"publish","type":"post","link":"https:\/\/www.europesays.com\/se\/133682\/","title":{"rendered":"Abbott ny tr\u00e4nare i F\u00e4rjestad: \u201dEn utmaning\u201d"},"content":{"rendered":"<p class=\"sc-c25743f0-0 sc-e37c0145-2 hObFds DQgPn\"><strong>Cam Abbott tar \u00f6ver F\u00e4rjestad.<\/strong><\/p>\n<p class=\"sc-c25743f0-0 sc-e37c0145-2 hObFds DQgPn\"><strong>Kanadensaren hyrs in fr\u00e5n NHL-klubben Carolina Hurricanes organisation.<\/strong><\/p>\n<p class=\"sc-c25743f0-0 sc-e37c0145-2 hObFds DQgPn\"><strong>\u201dDet finns en hel del jobb att g\u00f6ra\u201d, s\u00e4ger han till SHL-lagets webbplats.<\/strong><\/p>\n<p class=\"sc-c25743f0-0 sc-e37c0145-2 hObFds DQgPn\">Klubblegendaren J\u00f6rgen J\u00f6nsson fick sparken i fredags och nu v\u00e4ljer SHL-klubben F\u00e4rjestad att ta in Cam Abbott, som tidigare har tr\u00e4nat R\u00f6gle.<\/p>\n<p class=\"sc-c25743f0-0 sc-e37c0145-2 hObFds DQgPn\">F\u00e4rjestad hyr kanadensaren f\u00f6r resten av s\u00e4songen.<\/p>\n<p class=\"sc-c25743f0-0 sc-e37c0145-2 hObFds DQgPn\">\u201dHan har ett g\u00e4llande kontrakt med Carolina Hurricanes organisation s\u00e5 vi hyr honom f\u00f6r resten av den h\u00e4r s\u00e4songen. Sen finns det en f\u00f6rhoppning fr\u00e5n b\u00e5da h\u00e5ll att f\u00f6rl\u00e4nga det h\u00e4r samarbetet om allt k\u00e4nns bra. Med det sagt s\u00e5 ligger det fokuset l\u00e4ngre fram i tiden\u201d, s\u00e4ger sportdirekt\u00f6ren Rickard Wallin till klubbens webbplats.<\/p>\n<p class=\"sc-c25743f0-0 sc-e37c0145-2 hObFds DQgPn\">\u201dV\u00e5rt n\u00e4rmaste fokus \u00e4r h\u00e4r och nu.\u201d<\/p>\n<p class=\"sc-c25743f0-0 sc-e37c0145-2 hObFds DQgPn\">Abbott:<\/p>\n<p class=\"sc-c25743f0-0 sc-e37c0145-2 hObFds DQgPn\">\u201dJag \u00e4r laddad och inspirerad inf\u00f6r uppdraget. Det \u00e4r definitivt en utmaning, d\u00e4r det finns en hel del jobb att g\u00f6ra och som m\u00e5ste g\u00f6ras med en optimism, en sammanh\u00e5llning och broderskap i omkl\u00e4dningsrummet\u201d, s\u00e4ger han.<\/p>\n<p class=\"sc-c25743f0-0 sc-e37c0145-2 hObFds DQgPn\">F\u00e4rjestad ligger nia i SHL efter 35 omg\u00e5ngar och har f\u00f6rlorat de fem senaste matcherna.<\/p>\n<p class=\"sc-c25743f0-0 sc-e37c0145-2 hObFds DQgPn\">Planen \u00e4r att 42-\u00e5ringen ska leda tr\u00e4ningen p\u00e5 onsdag.<\/p>\n","protected":false},"excerpt":{"rendered":"Cam Abbott tar \u00f6ver F\u00e4rjestad. Kanadensaren hyrs in fr\u00e5n NHL-klubben Carolina Hurricanes organisation. \u201dDet finns en hel del&hellip;\n","protected":false},"author":2,"featured_media":133683,"comment_status":"","ping_status":"","sticky":false,"template":"","format":"standard","meta":{"footnotes":""},"categories":[68],"tags":[34,111,110,31,33,32,30],"class_list":{"0":"post-133682","1":"post","2":"type-post","3":"status-publish","4":"format-standard","5":"has-post-thumbnail","7":"category-sport","8":"tag-se","9":"tag-sport","10":"tag-sports","11":"tag-svenska","12":"tag-sverige","13":"tag-sweden","14":"tag-swedish"},"share_on_mastodon":{"url":"https:\/\/pubeurope.com\/@se\/115883877495723318","error":""},"_links":{"self":[{"href":"https:\/\/www.europesays.com\/se\/wp-json\/wp\/v2\/posts\/133682","targetHints":{"allow":["GET"]}}],"collection":[{"href":"https:\/\/www.europesays.com\/se\/wp-json\/wp\/v2\/posts"}],"about":[{"href":"https:\/\/www.europesays.com\/se\/wp-json\/wp\/v2\/types\/post"}],"author":[{"embeddable":true,"href":"https:\/\/www.europesays.com\/se\/wp-json\/wp\/v2\/users\/2"}],"replies":[{"embeddable":true,"href":"https:\/\/www.europesays.com\/se\/wp-json\/wp\/v2\/comments?post=133682"}],"version-history":[{"count":0,"href":"https:\/\/www.europesays.com\/se\/wp-json\/wp\/v2\/posts\/133682\/revisions"}],"wp:featuredmedia":[{"embeddable":true,"href":"https:\/\/www.europesays.com\/se\/wp-json\/wp\/v2\/media\/133683"}],"wp:attachment":[{"href":"https:\/\/www.europesays.com\/se\/wp-json\/wp\/v2\/media?parent=133682"}],"wp:term":[{"taxonomy":"category","embeddable":true,"href":"https:\/\/www.europesays.com\/se\/wp-json\/wp\/v2\/categories?post=133682"},{"taxonomy":"post_tag","embeddable":true,"href":"https:\/\/www.europesays.com\/se\/wp-json\/wp\/v2\/tags?post=133682"}],"curies":[{"name":"wp","href":"https:\/\/api.w.org\/{rel}","templated":true}]}}