{"id":133690,"date":"2026-01-12T20:09:12","date_gmt":"2026-01-12T20:09:12","guid":{"rendered":"https:\/\/www.europesays.com\/se\/133690\/"},"modified":"2026-01-12T20:09:12","modified_gmt":"2026-01-12T20:09:12","slug":"forsasong-2026-ufc","status":"publish","type":"post","link":"https:\/\/www.europesays.com\/se\/133690\/","title":{"rendered":"F\u00f6rs\u00e4song 2026 &#8211; UFC"},"content":{"rendered":"<p><strong>Snart sparkar tr\u00e4ningsmatcherna inf\u00f6r \u00e5rets s\u00e4song ig\u00e5ng. Totalt spelar Ume\u00e5 FC tio tr\u00e4ningsmatcher innan seriepremi\u00e4ren mot Hammarby TFF.<\/strong><\/p>\n<p>Utifr\u00e5n att Skid-SM g\u00e5r av stapeln p\u00e5 Ume\u00e5 Energi Arena s\u00e5 kommer Ume\u00e5 FC att spela totalt fyra bortamatcher under f\u00f6rs\u00e4songen d\u00e4r man m\u00f6ter tv\u00e5 Superettan-motst\u00e5nd i \u00d6stersunds FK och GIF Sundsvall samt det finska liga-laget VPS Vaasa.<\/p>\n<p><strong>Ume\u00e5 FC:s f\u00f6rs\u00e4song 2026<\/strong><\/p>\n<p><strong>Ume\u00e5 FC \u2013 Friska Viljor FC<\/strong><br \/>L\u00f6rdag 24\/1 kl. 16.15 Nolia Arena<\/p>\n<p><strong>Ume\u00e5 FC \u2013 IFK Lule\u00e5<\/strong><br \/>S\u00f6ndag 1\/2 kl. 19.15 Nolia Arena<\/p>\n<p><strong>GIF Sundsvall \u2013 Ume\u00e5 FC<\/strong><br \/>L\u00f6rdag 7\/2 kl. 15.00 Nordichallen<\/p>\n<p><strong>T\u00e4fte\u00e5 IK \u2013 Ume\u00e5 FC<\/strong><br \/>S\u00f6ndag 8\/2 kl. 17.15 Nolia Arena<\/p>\n<p><strong>Ume\u00e5 FC \u2013 IFK \u00d6stersund<\/strong><br \/>L\u00f6rdag 14\/2 kl. 14.15 Nolia Arena<\/p>\n<p><strong>Ume\u00e5 FC \u2013 Pite\u00e5 IF<\/strong><br \/>L\u00f6rdag 21\/2 kl. 16.15 Nolia Arena<\/p>\n<p><strong>Ume\u00e5 FC \u2013 Skellefte\u00e5 FF<\/strong><br \/>L\u00f6rdag 28\/2 kl. 14.15 Nolia Arena<\/p>\n<p><strong>VPS Vaasa \u2013 Ume\u00e5 FC<\/strong><br \/>S\u00f6ndag 8\/3 kl. 15.00 Vasa<\/p>\n<p><strong>\u00d6stersunds FK \u2013 Ume\u00e5 FC<\/strong><br \/>L\u00f6rdag 21\/3 kl. 16.00 J\u00e4mtkraft Arena<\/p>\n<p><strong>Pite\u00e5 IF \u2013 Ume\u00e5 FC<\/strong><br \/>S\u00f6ndag 29\/3 kl. 14.00 LF Arena<\/p>\n","protected":false},"excerpt":{"rendered":"Snart sparkar tr\u00e4ningsmatcherna inf\u00f6r \u00e5rets s\u00e4song ig\u00e5ng. Totalt spelar Ume\u00e5 FC tio tr\u00e4ningsmatcher innan seriepremi\u00e4ren mot Hammarby TFF.&hellip;\n","protected":false},"author":2,"featured_media":133691,"comment_status":"","ping_status":"","sticky":false,"template":"","format":"standard","meta":{"footnotes":""},"categories":[68],"tags":[34,111,110,31,33,32,30],"class_list":{"0":"post-133690","1":"post","2":"type-post","3":"status-publish","4":"format-standard","5":"has-post-thumbnail","7":"category-sport","8":"tag-se","9":"tag-sport","10":"tag-sports","11":"tag-svenska","12":"tag-sverige","13":"tag-sweden","14":"tag-swedish"},"share_on_mastodon":{"url":"https:\/\/pubeurope.com\/@se\/115883944362697822","error":""},"_links":{"self":[{"href":"https:\/\/www.europesays.com\/se\/wp-json\/wp\/v2\/posts\/133690","targetHints":{"allow":["GET"]}}],"collection":[{"href":"https:\/\/www.europesays.com\/se\/wp-json\/wp\/v2\/posts"}],"about":[{"href":"https:\/\/www.europesays.com\/se\/wp-json\/wp\/v2\/types\/post"}],"author":[{"embeddable":true,"href":"https:\/\/www.europesays.com\/se\/wp-json\/wp\/v2\/users\/2"}],"replies":[{"embeddable":true,"href":"https:\/\/www.europesays.com\/se\/wp-json\/wp\/v2\/comments?post=133690"}],"version-history":[{"count":0,"href":"https:\/\/www.europesays.com\/se\/wp-json\/wp\/v2\/posts\/133690\/revisions"}],"wp:featuredmedia":[{"embeddable":true,"href":"https:\/\/www.europesays.com\/se\/wp-json\/wp\/v2\/media\/133691"}],"wp:attachment":[{"href":"https:\/\/www.europesays.com\/se\/wp-json\/wp\/v2\/media?parent=133690"}],"wp:term":[{"taxonomy":"category","embeddable":true,"href":"https:\/\/www.europesays.com\/se\/wp-json\/wp\/v2\/categories?post=133690"},{"taxonomy":"post_tag","embeddable":true,"href":"https:\/\/www.europesays.com\/se\/wp-json\/wp\/v2\/tags?post=133690"}],"curies":[{"name":"wp","href":"https:\/\/api.w.org\/{rel}","templated":true}]}}