{"id":133694,"date":"2026-01-12T20:15:13","date_gmt":"2026-01-12T20:15:13","guid":{"rendered":"https:\/\/www.europesays.com\/se\/133694\/"},"modified":"2026-01-12T20:15:13","modified_gmt":"2026-01-12T20:15:13","slug":"risk-for-halka-nar-vadret-vaxlar","status":"publish","type":"post","link":"https:\/\/www.europesays.com\/se\/133694\/","title":{"rendered":"Risk f\u00f6r halka n\u00e4r v\u00e4dret v\u00e4xlar"},"content":{"rendered":"<p class=\"news-module__article-date\">&#13;<br \/>\nPublicerad: &#13;<br \/>\n                                &#13;<br \/>\n12 januari 2026 15:02&#13;\n                        <\/p>\n<p class=\"preamble\">&#13;<br \/>\n                                    Vintertrafik \u00b7 &#13;<br \/>\n                                I veckan \u00e4r det stor risk f\u00f6r halka n\u00e4r temperaturen v\u00e4xlar fr\u00e5n minus till plus och sn\u00f6n ers\u00e4tts av regn. Anpassa din k\u00f6rning och ta det extra f\u00f6rsiktigt om du m\u00e5ste ge dig ut.&#13;\n                            <\/p>\n<p>Efter den senaste veckans kyla och rej\u00e4la sn\u00f6fall \u00e4r det nu stor risk f\u00f6r halka n\u00e4r v\u00e4dret skiftar. Med temperaturer som pendlar runt nollan i kombination med regn p\u00e5 de nedkylda v\u00e4gbanorna kan det snabbt frysa p\u00e5, och som trafikant b\u00f6r du vara extra uppm\u00e4rksam p\u00e5 v\u00e4glaget.<\/p>\n<p>H\u00e5ll koll p\u00e5 v\u00e4glaget<\/p>\n<p>F\u00f6lj v\u00e4derleksprognoser f\u00f6r att bed\u00f6ma risken f\u00f6r halka. Och t\u00e4nk p\u00e5 att inte ge dig ut p\u00e5 v\u00e4garna i on\u00f6dan vid sv\u00e5ra v\u00e4derf\u00f6rh\u00e5llanden.\u00a0Ett tips \u00e4r att anv\u00e4nda Trafiken.nu-appen- innan du \u00e5ker! Med appen kan du h\u00e5lla koll p\u00e5 v\u00e4gv\u00e4dret i hela V\u00e4stra G\u00f6taland.<\/p>\n<p>Anpassa k\u00f6rningen<\/p>\n<p>Som alltid \u00e4r det viktigt att anpassa sin k\u00f6rning efter v\u00e4glag och trafikl\u00e4get. H\u00e5ll ordentligt avst\u00e5nd till andra fordon och kom ih\u00e5g att det tar l\u00e4ngre tid att bromsa om det \u00e4r halt.<\/p>\n<p>Kollektivtrafiken kan p\u00e5verkas<\/p>\n<p>\u00c5ker du kollektivt? Halka och besv\u00e4rligt v\u00e4glag kan g\u00f6ra att din resa p\u00e5verkas genom f\u00f6rseningar eller inst\u00e4llda avg\u00e5ngar. Du h\u00e5ller dig uppdaterad om din resa i appen V\u00e4sttrafik To Go eller p\u00e5 V\u00e4sttrafiks webbplats.<\/p>\n<p>\u00a0<\/p>\n","protected":false},"excerpt":{"rendered":"&#13; Publicerad: &#13; &#13; 12 januari 2026 15:02&#13; &#13; Vintertrafik \u00b7 &#13; I veckan \u00e4r det stor risk&hellip;\n","protected":false},"author":2,"featured_media":133695,"comment_status":"","ping_status":"","sticky":false,"template":"","format":"standard","meta":{"footnotes":""},"categories":[5],"tags":[22,23,26,27,17,21,24,25,28,29,15,16,18,34,31,33,32,30,19,20],"class_list":{"0":"post-133694","1":"post","2":"type-post","3":"status-publish","4":"format-standard","5":"has-post-thumbnail","7":"category-rubriker","8":"tag-breaking-news","9":"tag-breakingnews","10":"tag-featured-news","11":"tag-featurednews","12":"tag-headlines","13":"tag-huvudnyheter","14":"tag-latest-news","15":"tag-latestnews","16":"tag-main-news","17":"tag-mainnews","18":"tag-news","19":"tag-nyheter","20":"tag-rubriker","21":"tag-se","22":"tag-svenska","23":"tag-sverige","24":"tag-sweden","25":"tag-swedish","26":"tag-top-stories","27":"tag-topstories"},"share_on_mastodon":{"url":"https:\/\/pubeurope.com\/@se\/115883967966572719","error":""},"_links":{"self":[{"href":"https:\/\/www.europesays.com\/se\/wp-json\/wp\/v2\/posts\/133694","targetHints":{"allow":["GET"]}}],"collection":[{"href":"https:\/\/www.europesays.com\/se\/wp-json\/wp\/v2\/posts"}],"about":[{"href":"https:\/\/www.europesays.com\/se\/wp-json\/wp\/v2\/types\/post"}],"author":[{"embeddable":true,"href":"https:\/\/www.europesays.com\/se\/wp-json\/wp\/v2\/users\/2"}],"replies":[{"embeddable":true,"href":"https:\/\/www.europesays.com\/se\/wp-json\/wp\/v2\/comments?post=133694"}],"version-history":[{"count":0,"href":"https:\/\/www.europesays.com\/se\/wp-json\/wp\/v2\/posts\/133694\/revisions"}],"wp:featuredmedia":[{"embeddable":true,"href":"https:\/\/www.europesays.com\/se\/wp-json\/wp\/v2\/media\/133695"}],"wp:attachment":[{"href":"https:\/\/www.europesays.com\/se\/wp-json\/wp\/v2\/media?parent=133694"}],"wp:term":[{"taxonomy":"category","embeddable":true,"href":"https:\/\/www.europesays.com\/se\/wp-json\/wp\/v2\/categories?post=133694"},{"taxonomy":"post_tag","embeddable":true,"href":"https:\/\/www.europesays.com\/se\/wp-json\/wp\/v2\/tags?post=133694"}],"curies":[{"name":"wp","href":"https:\/\/api.w.org\/{rel}","templated":true}]}}