{"id":133696,"date":"2026-01-12T20:17:14","date_gmt":"2026-01-12T20:17:14","guid":{"rendered":"https:\/\/www.europesays.com\/se\/133696\/"},"modified":"2026-01-12T20:17:14","modified_gmt":"2026-01-12T20:17:14","slug":"de-vann-i-veckans-bridge","status":"publish","type":"post","link":"https:\/\/www.europesays.com\/se\/133696\/","title":{"rendered":"De vann i veckans bridge"},"content":{"rendered":"<p>Under onsdagen spelades m\u00e5ndagsbridge\u2026Kia Axelsson och Curt Petersson vann med 75 procent! P\u00e5 andra plats kom Ingemar Helander och Jan-\u00c5ke Nilsson med 58 och trea kom Lilian Olin och Monica Ericsson med 56. 15 par deltog.<\/p>\n<p>P\u00e5 l\u00f6rdagen var det distriktsm\u00e4sterskap mixed. 15 par deltog fr\u00e5n J\u00f6nk\u00f6pings l\u00e4n. Segrade gjorde Anette Svenningsson och J\u00f6rgen Wallmon, BK Opalen, med 65 procent. Tv\u00e5a kom Arne Karlsson och Ingegerd Lundgren, Eksj\u00f6 BK\/Vetlanda BK och trea blev Rose-Marie Jarl och Bo Gisslander, V\u00e4rnamo BK\/Bredaryds BK.<\/p>\n<p>\t\t\t<img decoding=\"async\" src=\"https:\/\/www.europesays.com\/se\/wp-content\/uploads\/2026\/01\/241015-bridge-ettan-da-714x432.jpg\"   class=\"srcset block-text-image__img\" alt=\"\"\/><\/p>\n<p class=\"block-text-image__picture-text small-paragraph\">Genrebild: David Alin<\/p>\n","protected":false},"excerpt":{"rendered":"Under onsdagen spelades m\u00e5ndagsbridge\u2026Kia Axelsson och Curt Petersson vann med 75 procent! P\u00e5 andra plats kom Ingemar Helander&hellip;\n","protected":false},"author":2,"featured_media":133697,"comment_status":"","ping_status":"","sticky":false,"template":"","format":"standard","meta":{"footnotes":""},"categories":[68],"tags":[34,111,110,31,33,32,30],"class_list":{"0":"post-133696","1":"post","2":"type-post","3":"status-publish","4":"format-standard","5":"has-post-thumbnail","7":"category-sport","8":"tag-se","9":"tag-sport","10":"tag-sports","11":"tag-svenska","12":"tag-sverige","13":"tag-sweden","14":"tag-swedish"},"share_on_mastodon":{"url":"https:\/\/pubeurope.com\/@se\/115883975887232625","error":""},"_links":{"self":[{"href":"https:\/\/www.europesays.com\/se\/wp-json\/wp\/v2\/posts\/133696","targetHints":{"allow":["GET"]}}],"collection":[{"href":"https:\/\/www.europesays.com\/se\/wp-json\/wp\/v2\/posts"}],"about":[{"href":"https:\/\/www.europesays.com\/se\/wp-json\/wp\/v2\/types\/post"}],"author":[{"embeddable":true,"href":"https:\/\/www.europesays.com\/se\/wp-json\/wp\/v2\/users\/2"}],"replies":[{"embeddable":true,"href":"https:\/\/www.europesays.com\/se\/wp-json\/wp\/v2\/comments?post=133696"}],"version-history":[{"count":0,"href":"https:\/\/www.europesays.com\/se\/wp-json\/wp\/v2\/posts\/133696\/revisions"}],"wp:featuredmedia":[{"embeddable":true,"href":"https:\/\/www.europesays.com\/se\/wp-json\/wp\/v2\/media\/133697"}],"wp:attachment":[{"href":"https:\/\/www.europesays.com\/se\/wp-json\/wp\/v2\/media?parent=133696"}],"wp:term":[{"taxonomy":"category","embeddable":true,"href":"https:\/\/www.europesays.com\/se\/wp-json\/wp\/v2\/categories?post=133696"},{"taxonomy":"post_tag","embeddable":true,"href":"https:\/\/www.europesays.com\/se\/wp-json\/wp\/v2\/tags?post=133696"}],"curies":[{"name":"wp","href":"https:\/\/api.w.org\/{rel}","templated":true}]}}