{"id":133698,"date":"2026-01-12T20:18:07","date_gmt":"2026-01-12T20:18:07","guid":{"rendered":"https:\/\/www.europesays.com\/se\/133698\/"},"modified":"2026-01-12T20:18:07","modified_gmt":"2026-01-12T20:18:07","slug":"avslojar-sanningen-om-bergstroms-nyarsmiss-allt-ar-korbergs-fel","status":"publish","type":"post","link":"https:\/\/www.europesays.com\/se\/133698\/","title":{"rendered":"Avsl\u00f6jar sanningen om Bergstr\u00f6ms ny\u00e5rsmiss: Allt \u00e4r K\u00f6rbergs fel"},"content":{"rendered":"<p>Publicerad 12 jan 2026 kl 21.02<\/p>\n<p>Precis innan tolvslaget blev det superstressigt f\u00f6r Helena Bergstr\u00f6m och det hela slutade med en miss i SVT.\u00a0<\/p>\n<p>Nu avsl\u00f6jar Alex Schulman vad som egentligen h\u00e4nde.\u00a0<\/p>\n<p>\u2013 S\u00e5 allting \u00e4r Tommy K\u00f6rbergs fel, s\u00e4ger han i Mix megapol. \u00a0<\/p>\n<p><img   alt=\"\"\/><\/p>\n<p>Tommy K\u00f6rberg fick feeling, enligt Alex Schulman.<\/p>\n<p>Foto: PETER HANSSON \/ STELLA PICTURES<\/p>\n<p>\u00d6ppna bild i helsk\u00e4rm<img loading=\"lazy\"   alt=\"\"\/><\/p>\n<p>Helena Bergstr\u00f6m.<\/p>\n<p>Foto: PETER HANSSON \/ STELLA PICTURES<\/p>\n<p>\u00d6ppna bild i helsk\u00e4rm<\/p>\n<p><a href=\"https:\/\/www.expressen.se\/tagg\/person\/helena-bergstrom\/\" class=\"\" rel=\"nofollow noopener\" target=\"_blank\">Helena Bergstr\u00f6m<\/a> fick det hedersfyllda uppdraget att l\u00e4sa dikten \u201dNy\u00e5rsklockan\u201d.\u00a0<\/p>\n<p>Men p\u00e5 slutet, n\u00e4r det nya \u00e5ret skulle ringas in blev det lite v\u00e4l br\u00e5ttom.\u00a0<\/p>\n<p>\u2013 Tio, nio&#8230; tv\u00e5, ett, nej, gott nytt \u00e5r, sa hon fr\u00e5n scenen.\u00a0<\/p>\n<p>Men vad var det egentligen som h\u00e4nde?<\/p>\n<p>Det avsl\u00f6jar Alex Schulman nu i Mix megapol.\u00a0<\/p>\n<p>Helena Bergstr\u00f6m spelar i hans nya upps\u00e4ttning \u201dMors dag\u201d p\u00e5 Dramaten och de har just nu fullt upp med repetitioner.\u00a0<\/p>\n<p>\u201dHon skyndande och skyndande\u201d<\/p>\n<p>Alex Schulman ber\u00e4ttar att Helena Bergstr\u00f6m sagt till honom att Tommy K\u00f6rberg, som upptr\u00e4dde under ny\u00e5rskv\u00e4llen, drog ut p\u00e5 tiden.\u00a0<\/p>\n<p>\u2013 Han han fick lite feeling och s\u00e5 drog han \u00f6ver massor. S\u00e5 n\u00e4r det var Helenas tur, d\u00e5 s\u00e5 b\u00f6rjade hon l\u00e4sa och d\u00e5 h\u00f6rde hon i sin sn\u00e4cka: \u201dFortare, fortare\u201d, s\u00e4ger Schulman och skrattar.\u00a0<\/p>\n<p>\u2013 F\u00f6rst\u00e5r ni vilken mardr\u00f6m?<\/p>\n<p>Schulman forts\u00e4tter:\u00a0<\/p>\n<p>\u2013 S\u00e5 allting \u00e4r Tommy K\u00f6rbergs fel.\u00a0<\/p>\n<p>Enligt Schulman h\u00e4nger inte Helena Bergstr\u00f6m l\u00e4pp f\u00f6r det.\u00a0<\/p>\n<p>\u2013 Nej, hon var j\u00e4tteglad. Jag tr\u00e4ffade henne dagen tv\u00e5 dagar efter p\u00e5 rep och d\u00e5 var hon hur glad som helst. Hon tyckte mest att det var ett dr\u00e5pligt minne att h\u00f6ra en person som s\u00e4ger skynda, skynda, skynda igenom en dikt som ska l\u00e4sas l\u00e5ngsamt<\/p>\n<p>\u2013 Och hon skyndade fram, skyndade, skyndade, skyndade, men hon hann inte \u00e4nda fram.<\/p>\n<p>Helena Bergstr\u00f6m har sj\u00e4lv ber\u00e4ttat om missen i \u201dMorgonpasset i P3\u201d och att \u201den viss person drog \u00f6ver\u201d.<\/p>\n<p>\u2013 Jag fattar inte varf\u00f6r \u201dnej\u201d kom innan gott nytt \u00e5r. Jag hade kunnat s\u00e4ga tio, nio, nej.<\/p>\n<p>Det viktiga f\u00f6r henne var att dikten blev r\u00e4tt \u2013 och den har hon hyllats f\u00f6r, enligt Bergstr\u00f6m.\u00a0<\/p>\n<p>\u2013 Det h\u00e4r andra kan jag ta p\u00e5 mig, s\u00e4ger Bergstr\u00f6m i \u201dMorgonpasset i P3\u201d. \u00a0<\/p>\n","protected":false},"excerpt":{"rendered":"Publicerad 12 jan 2026 kl 21.02 Precis innan tolvslaget blev det superstressigt f\u00f6r Helena Bergstr\u00f6m och det hela&hellip;\n","protected":false},"author":2,"featured_media":133699,"comment_status":"","ping_status":"","sticky":false,"template":"","format":"standard","meta":{"footnotes":""},"categories":[67],"tags":[104,13572,10622,34,31,33,32,30,5969,105],"class_list":{"0":"post-133698","1":"post","2":"type-post","3":"status-publish","4":"format-standard","5":"has-post-thumbnail","7":"category-underhallning","8":"tag-entertainment","9":"tag-person-helena-bergstrom","10":"tag-person-tommy-korberg","11":"tag-se","12":"tag-svenska","13":"tag-sverige","14":"tag-sweden","15":"tag-swedish","16":"tag-topic-hogtider","17":"tag-underhallning"},"share_on_mastodon":{"url":"https:\/\/pubeurope.com\/@se\/115883979788874359","error":""},"_links":{"self":[{"href":"https:\/\/www.europesays.com\/se\/wp-json\/wp\/v2\/posts\/133698","targetHints":{"allow":["GET"]}}],"collection":[{"href":"https:\/\/www.europesays.com\/se\/wp-json\/wp\/v2\/posts"}],"about":[{"href":"https:\/\/www.europesays.com\/se\/wp-json\/wp\/v2\/types\/post"}],"author":[{"embeddable":true,"href":"https:\/\/www.europesays.com\/se\/wp-json\/wp\/v2\/users\/2"}],"replies":[{"embeddable":true,"href":"https:\/\/www.europesays.com\/se\/wp-json\/wp\/v2\/comments?post=133698"}],"version-history":[{"count":0,"href":"https:\/\/www.europesays.com\/se\/wp-json\/wp\/v2\/posts\/133698\/revisions"}],"wp:featuredmedia":[{"embeddable":true,"href":"https:\/\/www.europesays.com\/se\/wp-json\/wp\/v2\/media\/133699"}],"wp:attachment":[{"href":"https:\/\/www.europesays.com\/se\/wp-json\/wp\/v2\/media?parent=133698"}],"wp:term":[{"taxonomy":"category","embeddable":true,"href":"https:\/\/www.europesays.com\/se\/wp-json\/wp\/v2\/categories?post=133698"},{"taxonomy":"post_tag","embeddable":true,"href":"https:\/\/www.europesays.com\/se\/wp-json\/wp\/v2\/tags?post=133698"}],"curies":[{"name":"wp","href":"https:\/\/api.w.org\/{rel}","templated":true}]}}