{"id":133710,"date":"2026-01-12T20:42:27","date_gmt":"2026-01-12T20:42:27","guid":{"rendered":"https:\/\/www.europesays.com\/se\/133710\/"},"modified":"2026-01-12T20:42:27","modified_gmt":"2026-01-12T20:42:27","slug":"peter-ingves-reser-till-usa","status":"publish","type":"post","link":"https:\/\/www.europesays.com\/se\/133710\/","title":{"rendered":"Peter Ingves reser till USA"},"content":{"rendered":"<p>Peter Ingves l\u00e4mnar kylan: \u201dOrdnat med alla papper\u201d<a data-test-tag=\"internal-link\" href=\"https:\/\/www.aftonbladet.se\/av\/andreas-ortengren\" class=\"hyperion-css-13ns1rr\" rel=\"nofollow noopener\" target=\"\" aria-label=\"Se alla artiklar av Andreas \u00d6rtengren\"><img decoding=\"async\" class=\"image-asset hyperion-css-n6kkq1\" data-test-tag=\"image-asset\" src=\"https:\/\/www.europesays.com\/se\/wp-content\/uploads\/2026\/01\/1768250546_160_bd28e84d-e0c7-4149-a49a-07505da353ed.png\"  alt=\"\"  loading=\"lazy\" fetchpriority=\"auto\" style=\"aspect-ratio:1900 \/ 1900\"\/><\/a><\/p>\n<p class=\"boxtextgrotesk-root_baa6 hyperion-css-1w346fg\">Uppdaterad 09.09 | Publicerad 08.30<\/p>\n<p>share-arrowDela<\/p>\n<p>unsaveSpara<\/p>\n<p><img decoding=\"async\" class=\"image-asset hyperion-css-u06ts1\" data-test-tag=\"image-asset\" src=\"https:\/\/www.europesays.com\/se\/wp-content\/uploads\/2026\/01\/3adb88ad-1897-48cd-bb15-f3b244918b71.jpeg\"  alt=\"Peter Ingves ska tillbringa tre m\u00e5nader i USA. \"  loading=\"eager\" fetchpriority=\"high\" style=\"aspect-ratio:600 \/ 300\"\/>Peter Ingves ska tillbringa tre m\u00e5nader i USA. Foto: Janne Smeds, Tr Bild<\/p>\n<p class=\"hyperion-css-1shl3oz\" data-test-tag=\"lead-text\">Kuskikonen Peter Ingves, 65, har inte suttit i sulkyn sedan 2024.<\/p>\n<p class=\"hyperion-css-1shl3oz\" data-test-tag=\"lead-text\">Nu flyttar han till USA i tre m\u00e5nader. Till travtr\u00e4naren och kompisen Reijo Liljendahl. <\/p>\n<p class=\"hyperion-css-1shl3oz\" data-test-tag=\"lead-text\">\u2013 Jag har lovat att hj\u00e4lpa till, men det \u00e4r som en semester, s\u00e4ger Ingves. <\/p>\n<p class=\"hyperion-css-1v9qo5x\">65-\u00e5rige proffskusken Peter Ingves, som bland annat vunnit b\u00e5de Derbyt och Kriteriet, har de senaste \u00e5ren brottats med flera sv\u00e5righeter. <\/p>\n<p class=\"hyperion-css-1v9qo5x\">Redan 2021 blev den <a data-test-tag=\"internal-link\" href=\"https:\/\/www.aftonbladet.se\/sportbladet\/trav365\/a\/oA9jng\/mar-stundtals-mycket-daligt-och-tar-timeout\" class=\"hyperion-css-15jkft9\" rel=\"nofollow noopener\" target=\"\" aria-label=\"psykiska p\u00e5frestningen\" theme=\"sportbladet\">psykiska p\u00e5frestningen<\/a> alltf\u00f6r tung och han tvingades till en timeout. <\/p>\n<p class=\"hyperion-css-1v9qo5x\">Efter\u00e5t har Peter gjort comeback p\u00e5 banan men f\u00f6r 1,5 \u00e5r sedan l\u00e4mnade han Sverige och flyttade hem till finska sm\u00e5staden Kristinestad. <\/p>\n<p>\u201dVar en jobbig tid\u201d<\/p>\n<p class=\"hyperion-css-1v9qo5x\">D\u00e4r han jobbat bland annat som skogsr\u00f6jare, hittat sig sj\u00e4lv mentalt och tagit hand om sin mor som nyligen g\u00e5tt bort. <\/p>\n<p class=\"hyperion-css-1v9qo5x\">\u2013 Det var en jobbig tid. Jag matade henne sista m\u00e5naderna och man bara t\u00e4nkte att hon skulle f\u00e5 somna in. Det \u00e4r likadant f\u00f6r alla men det blev utdraget och tog h\u00e5rt p\u00e5 mig. Men jag \u00e4r glad att jag att jag gjorde den grejen, att jag \u00e5kte fr\u00e5n Sverige. Jag hade missat henne s\u00e5 mycket i mitt liv, s\u00e4ger han till Trav365. <\/p>\n<p class=\"hyperion-css-1v9qo5x\"><strong>Hur m\u00e5r du?<\/strong><\/p>\n<p class=\"hyperion-css-1v9qo5x\">\u2013 Jag m\u00e5r v\u00e4ldigt fint, \u00e4r i bra form och trivs v\u00e4ldigt bra i Finland med mycket kompisar jag inte tr\u00e4ffat p\u00e5 m\u00e5nga \u00e5r. Det var en jobbig tid och jag kunde inte ljuga d\u00e5. Jag m\u00e5dde d\u00e5ligt, men nu m\u00e5r jag j\u00e4ttebra.<\/p>\n<p>\u201dKomma till v\u00e4rmen\u201d<\/p>\n<p class=\"hyperion-css-1v9qo5x\">I s\u00f6ndags gav sig Peter ut p\u00e5 ett stort \u00e4ventyr. Han ska bes\u00f6ka sin v\u00e4n, travtr\u00e4naren Reijo Liljendahl, i Florida, USA, n\u00e5got som facktidningen <a aria-label=\"Sulkysport\" class=\"sportbladet hyperion-css-15jkft9\" href=\"https:\/\/sulkysport.se\/nya-aventyr-for-ingves\/\" rel=\"noopener nofollow noreferrer\" data-test-tag=\"external-link\" target=\"_blank\">Sulkysport<\/a> rapporterat om. <\/p>\n<p class=\"hyperion-css-1v9qo5x\">\u2013 Det \u00e4r som en semester. Jag har lovat att hj\u00e4lpa till lite i verksamheten. Men till att b\u00f6rja med vill jag komma till v\u00e4rmen. Jag har k\u00e4nt Reijo l\u00e4nge och k\u00f6rt h\u00e4st \u00e5t honom tidigare, forts\u00e4tter Ingves. <\/p>\n<p class=\"hyperion-css-1v9qo5x\"><strong>Hur gick det till?<\/strong><\/p>\n<p class=\"hyperion-css-1v9qo5x\">\u2013  Reijo ringde mig och fr\u00e5gade hur jag m\u00e5dde. Jag sa att jag m\u00e5r faktiskt r\u00e4tt s\u00e5 bra. D\u00e5 sa han att jag skulle komma dit till honom i Florida i vinter. Och bo d\u00e4r, jag f\u00e5r ett eget boende. Planen \u00e4r att jag ska vara d\u00e4r i tre m\u00e5nader. Det blir intressant att se hur dom g\u00f6r d\u00e4r, inga m\u00e5sten. Reijo ville att jag skulle f\u00e5 uppleva USA och vi b\u00f6rjar bli till \u00e5ren.<\/p>\n<p class=\"hyperion-css-1v9qo5x\">\u2013 Reijo sa om jag vill k\u00f6ra n\u00e5gra h\u00e4star s\u00e5 g\u00e5r det bra. Och det kommer jag s\u00e4kert att g\u00f6ra d\u00e4r i v\u00e4rmen. Vi ska g\u00e5 och se p\u00e5 NHL n\u00e4r Florida Panthers spelar. Jag kommer tr\u00e4ffa mycket folk d\u00e4r. Bland annat \u00c5ke Svanstedt och Lucas Wallin \u00e4r d\u00e4r.<\/p>\n<p>expand-left<\/p>\n<p>helsk\u00e4rm<img decoding=\"async\" class=\"image-asset hyperion-css-u06ts1\" data-test-tag=\"image-asset\" src=\"https:\/\/www.europesays.com\/se\/wp-content\/uploads\/2026\/01\/d2e8643a-09ee-42d8-8184-333c6ccf4af0.jpeg\"  alt=\"Peter Ingves. \"  loading=\"eager\" fetchpriority=\"high\" style=\"aspect-ratio:1200 \/ 600\"\/>Peter Ingves. Foto: Malin Albinsson\/Tr Bild\u201dFinns inget sug\u201d<\/p>\n<p class=\"hyperion-css-1v9qo5x\">Peter Ingves ser fram emot det stora USA-\u00e4ventyret. <\/p>\n<p class=\"hyperion-css-1v9qo5x\">\u2013 Jag har inget i Finland som h\u00e5ller mig kvar nu n\u00e4r mamma gick bort. Inga damer att t\u00e4nka p\u00e5. Min pojk har det bra i Norge. S\u00e5 jag t\u00e4nkte medan jag m\u00e5r bra: \u201dBara stick\u201d, s\u00e4ger han och forts\u00e4tter:<\/p>\n<p class=\"hyperion-css-1v9qo5x\">\u2013 Vad som h\u00e4nder i framtiden, det vet ju ingen. Man tar en dag i taget. Det \u00e4r lite b\u00f6kigt med visum och s\u00e5nt. Det \u00e4r enklare i v\u00e5ra l\u00e4nder. Jag har i alla fall ordnat med alla papper och f\u00e5r vara d\u00e4r i 90 dagar nu.<\/p>\n<p class=\"hyperion-css-1v9qo5x\"><strong>Blir det n\u00e5gon kuskcomeback den n\u00e4rmaste tiden?<\/strong><\/p>\n<p class=\"hyperion-css-1v9qo5x\">\u2013 Nu n\u00e4r det \u00e4r s\u00e5 h\u00e4r kallt finns det inget sug. Men man vet aldrig till v\u00e5ren. Om jag ska vara \u00e4rlig, det \u00e4r m\u00e5nga som fr\u00e5gar, bland annat h\u00e4r i Finland. Jag har inte lovat n\u00e5got. Nu har jag kommit ig\u00e5ng h\u00e4r i Finland och hittat mig sj\u00e4lv.<\/p>\n<p class=\"hyperion-css-1v9qo5x\">\u2013 En sak har jag l\u00e4rt mig i livet. Man ska aldrig s\u00e4ga nej till n\u00e5gonting. Och nu sticker jag till USA, haha. <\/p>\n<p class=\"hyperion-css-1v9qo5x\"><strong>Har du n\u00e5gon kontakt med dina tidigare kuskkollegor i Sverige?<\/strong><\/p>\n<p class=\"hyperion-css-1v9qo5x\">\u2013 Full fart. De har koll p\u00e5 mig, mer koll p\u00e5 mig \u00e4n vad jag har sj\u00e4lv. <\/p>\n<p>expand-left<\/p>\n<p>helsk\u00e4rm<img decoding=\"async\" class=\"image-asset hyperion-css-u06ts1\" data-test-tag=\"image-asset\" src=\"https:\/\/www.europesays.com\/se\/wp-content\/uploads\/2026\/01\/d117d576-56aa-4510-a3b3-4e369f4c5445.jpeg\"  alt=\"Peter Ingves har det senaste \u00e5ret bott i Finland, arbetat i skogen och funnit sig sj\u00e4lv mentalt. \"  loading=\"eager\" fetchpriority=\"high\" style=\"aspect-ratio:1408 \/ 1351\"\/>Peter Ingves har det senaste \u00e5ret bott i Finland, arbetat i skogen och funnit sig sj\u00e4lv mentalt. Foto: Privat<\/p>\n","protected":false},"excerpt":{"rendered":"Peter Ingves l\u00e4mnar kylan: \u201dOrdnat med alla papper\u201d Uppdaterad 09.09 | Publicerad 08.30 share-arrowDela unsaveSpara Peter Ingves ska&hellip;\n","protected":false},"author":2,"featured_media":133711,"comment_status":"","ping_status":"","sticky":false,"template":"","format":"standard","meta":{"footnotes":""},"categories":[68],"tags":[34,111,110,31,33,32,30],"class_list":{"0":"post-133710","1":"post","2":"type-post","3":"status-publish","4":"format-standard","5":"has-post-thumbnail","7":"category-sport","8":"tag-se","9":"tag-sport","10":"tag-sports","11":"tag-svenska","12":"tag-sverige","13":"tag-sweden","14":"tag-swedish"},"share_on_mastodon":{"url":"https:\/\/pubeurope.com\/@se\/115884074126076463","error":""},"_links":{"self":[{"href":"https:\/\/www.europesays.com\/se\/wp-json\/wp\/v2\/posts\/133710","targetHints":{"allow":["GET"]}}],"collection":[{"href":"https:\/\/www.europesays.com\/se\/wp-json\/wp\/v2\/posts"}],"about":[{"href":"https:\/\/www.europesays.com\/se\/wp-json\/wp\/v2\/types\/post"}],"author":[{"embeddable":true,"href":"https:\/\/www.europesays.com\/se\/wp-json\/wp\/v2\/users\/2"}],"replies":[{"embeddable":true,"href":"https:\/\/www.europesays.com\/se\/wp-json\/wp\/v2\/comments?post=133710"}],"version-history":[{"count":0,"href":"https:\/\/www.europesays.com\/se\/wp-json\/wp\/v2\/posts\/133710\/revisions"}],"wp:featuredmedia":[{"embeddable":true,"href":"https:\/\/www.europesays.com\/se\/wp-json\/wp\/v2\/media\/133711"}],"wp:attachment":[{"href":"https:\/\/www.europesays.com\/se\/wp-json\/wp\/v2\/media?parent=133710"}],"wp:term":[{"taxonomy":"category","embeddable":true,"href":"https:\/\/www.europesays.com\/se\/wp-json\/wp\/v2\/categories?post=133710"},{"taxonomy":"post_tag","embeddable":true,"href":"https:\/\/www.europesays.com\/se\/wp-json\/wp\/v2\/tags?post=133710"}],"curies":[{"name":"wp","href":"https:\/\/api.w.org\/{rel}","templated":true}]}}