{"id":133712,"date":"2026-01-12T20:50:24","date_gmt":"2026-01-12T20:50:24","guid":{"rendered":"https:\/\/www.europesays.com\/se\/133712\/"},"modified":"2026-01-12T20:50:24","modified_gmt":"2026-01-12T20:50:24","slug":"mjolby-hc-foll-stort-mot-karlskrona-i-division-1","status":"publish","type":"post","link":"https:\/\/www.europesays.com\/se\/133712\/","title":{"rendered":"Mj\u00f6lby HC f\u00f6ll stort mot Karlskrona i division 1"},"content":{"rendered":"<p>Det blev storstryk 2\u20137, i hemmam\u00f6tet med serieledande Karlskrona i division 1-hockeyn, men det var inte s\u00e5 mycket att s\u00e4ga om. Blekingeklubben, som s\u00e5 sent som v\u00e5ren 2018 m\u00f6tte LHC i SHL, har b\u00f6rjat att h\u00e4mta sig fr\u00e5n ekonomiskt m\u00f6rker och kan nu m\u00f6jligen vara p\u00e5 v\u00e4g tillbaka till allsvenskan.Dit har Mj\u00f6lby fortfarande l\u00e5ngt.F\u00f6rst\u00e5s.\u2013 Jag tycker absolut att det \u00e4r ser<\/p>\n","protected":false},"excerpt":{"rendered":"Det blev storstryk 2\u20137, i hemmam\u00f6tet med serieledande Karlskrona i division 1-hockeyn, men det var inte s\u00e5 mycket&hellip;\n","protected":false},"author":2,"featured_media":133713,"comment_status":"","ping_status":"","sticky":false,"template":"","format":"standard","meta":{"footnotes":""},"categories":[68],"tags":[34,111,110,31,33,32,30],"class_list":{"0":"post-133712","1":"post","2":"type-post","3":"status-publish","4":"format-standard","5":"has-post-thumbnail","7":"category-sport","8":"tag-se","9":"tag-sport","10":"tag-sports","11":"tag-svenska","12":"tag-sverige","13":"tag-sweden","14":"tag-swedish"},"share_on_mastodon":{"url":"https:\/\/pubeurope.com\/@se\/115884105545975124","error":""},"_links":{"self":[{"href":"https:\/\/www.europesays.com\/se\/wp-json\/wp\/v2\/posts\/133712","targetHints":{"allow":["GET"]}}],"collection":[{"href":"https:\/\/www.europesays.com\/se\/wp-json\/wp\/v2\/posts"}],"about":[{"href":"https:\/\/www.europesays.com\/se\/wp-json\/wp\/v2\/types\/post"}],"author":[{"embeddable":true,"href":"https:\/\/www.europesays.com\/se\/wp-json\/wp\/v2\/users\/2"}],"replies":[{"embeddable":true,"href":"https:\/\/www.europesays.com\/se\/wp-json\/wp\/v2\/comments?post=133712"}],"version-history":[{"count":0,"href":"https:\/\/www.europesays.com\/se\/wp-json\/wp\/v2\/posts\/133712\/revisions"}],"wp:featuredmedia":[{"embeddable":true,"href":"https:\/\/www.europesays.com\/se\/wp-json\/wp\/v2\/media\/133713"}],"wp:attachment":[{"href":"https:\/\/www.europesays.com\/se\/wp-json\/wp\/v2\/media?parent=133712"}],"wp:term":[{"taxonomy":"category","embeddable":true,"href":"https:\/\/www.europesays.com\/se\/wp-json\/wp\/v2\/categories?post=133712"},{"taxonomy":"post_tag","embeddable":true,"href":"https:\/\/www.europesays.com\/se\/wp-json\/wp\/v2\/tags?post=133712"}],"curies":[{"name":"wp","href":"https:\/\/api.w.org\/{rel}","templated":true}]}}