{"id":133717,"date":"2026-01-12T20:58:10","date_gmt":"2026-01-12T20:58:10","guid":{"rendered":"https:\/\/www.europesays.com\/se\/133717\/"},"modified":"2026-01-12T20:58:10","modified_gmt":"2026-01-12T20:58:10","slug":"veckans-3-svenska-stjarnor-wennberg-visar-os-form","status":"publish","type":"post","link":"https:\/\/www.europesays.com\/se\/133717\/","title":{"rendered":"Veckans 3 Svenska Stj\u00e4rnor: Wennberg visar OS-form"},"content":{"rendered":"<p>Veckans tre svenska stj\u00e4rnor \u00e4r tillbaka!<\/p>\n<p>NHL.com\/sv\u2019s veckoserie \u00e5terv\u00e4nder s\u00e4songen 2025-26 f\u00f6r att ge er veckans tre vassaste svenska spelare i NHL. Varje m\u00e5ndag under grundserien lyfter vi tre bl\u00e5gula spelare som utm\u00e4rkt sig lite extra.<\/p>\n<p>I denna upplaga utg\u00e5r vi ifr\u00e5n matcher som spelats 5 \u2013 11 januari.<\/p>\n<p>San Jose Sharks center Alexander Wennberg kliver in p\u00e5 en v\u00e4lf\u00f6rtj\u00e4nt f\u00f6rstaplats bland veckans tre stj\u00e4rnor. Med sex po\u00e4ng (3+3) p\u00e5 fyra matcher var 31-\u00e5ringen b\u00e4ste svensk sett till po\u00e4ng den g\u00e5ngna veckan och han noterade dessutom po\u00e4ng i alla de fyra matcher Sharks spelade, varav tre slutade i vinst.<\/p>\n<p>P\u00e5 andra plats kliver New York Islanders forward Simon Holmstr\u00f6m in. 24-\u00e5ringen gjorde flest m\u00e5l av alla svenskar (fyra) den g\u00e5ngna veckan och noterade totalt fem po\u00e4ng (4+1) \u00f6ver tre matcher.<\/p>\n<p>Sist men inte minst p\u00e5 listan hittar vi Detroit Red Wings forward Lucas Raymond, som stod f\u00f6r fyra po\u00e4ng (3+1) den g\u00e5ngna veckan och dessutom n\u00e5dde milstolpen 300 po\u00e4ng i NHL.<\/p>\n<p>H\u00e4r \u00e4r veckans tre svenska stj\u00e4rnor, f\u00f6r NHL.com\/sv.<\/p>\n<p><strong>F\u00d6RSTA STJ\u00c4RNA \u2013 ALEXANDER WENNBERG, C, SAN JOSE SHARKS<\/strong><\/p>\n<p>2026 har b\u00f6rjat p\u00e5 allra b\u00e4sta s\u00e4tt f\u00f6r Alexander Wennberg.<\/p>\n<p>F\u00f6rst offentliggjorde f\u00f6rbundskapten Sam Hallam att Wennberg tagit en plats i Tre Kronors trupp till Vinter-OS i Milano Cortina 2026. Kort d\u00e4refter meddelade Sharks att man s\u00e4krat upp svensken p\u00e5 en tre\u00e5rig kontraktsf\u00f6rl\u00e4ngning, med start s\u00e4songen 2026-27.<\/p>\n<p>\u2013 Hej Sharks-fans, jag \u00e4r s\u00e5 glad \u00f6ver att f\u00e5 vara en del av San Jose Sharks i ytterligare tre \u00e5r, sade Wennberg i Sharks sociala medier.<\/p>\n<p>\u2013 Jag trivs s\u00e5 bra h\u00e4r och det har blivit mitt andra hem. Jag ser fram emot att se vad framtiden b\u00e4r med sig.<\/p>\n<p>Sedan passade Wennberg p\u00e5 att notera sex po\u00e4ng (3+3) \u00f6ver veckans fyra matcher; tre po\u00e4ng (1+2) i en 5-2-seger \u00f6ver Columbus Blue Jackets, en assist i en 4-3-seger p\u00e5 \u00f6vertid mot Los Angeles Kings, ett m\u00e5l i en 5-4-seger p\u00e5 \u00f6vertid mot Dallas Stars och ett m\u00e5l i en 2-7-f\u00f6rlust mot Vegas Golden Knights.<\/p>\n<p>Totalt den h\u00e4r s\u00e4songen har Wennberg st\u00e5tt f\u00f6r 32 po\u00e4ng (10+22) p\u00e5 45 matcher.<\/p>\n","protected":false},"excerpt":{"rendered":"Veckans tre svenska stj\u00e4rnor \u00e4r tillbaka! NHL.com\/sv\u2019s veckoserie \u00e5terv\u00e4nder s\u00e4songen 2025-26 f\u00f6r att ge er veckans tre vassaste&hellip;\n","protected":false},"author":2,"featured_media":133718,"comment_status":"","ping_status":"","sticky":false,"template":"","format":"standard","meta":{"footnotes":""},"categories":[68],"tags":[34,111,110,31,33,32,30],"class_list":{"0":"post-133717","1":"post","2":"type-post","3":"status-publish","4":"format-standard","5":"has-post-thumbnail","7":"category-sport","8":"tag-se","9":"tag-sport","10":"tag-sports","11":"tag-svenska","12":"tag-sverige","13":"tag-sweden","14":"tag-swedish"},"share_on_mastodon":{"url":"https:\/\/pubeurope.com\/@se\/115884137026548099","error":""},"_links":{"self":[{"href":"https:\/\/www.europesays.com\/se\/wp-json\/wp\/v2\/posts\/133717","targetHints":{"allow":["GET"]}}],"collection":[{"href":"https:\/\/www.europesays.com\/se\/wp-json\/wp\/v2\/posts"}],"about":[{"href":"https:\/\/www.europesays.com\/se\/wp-json\/wp\/v2\/types\/post"}],"author":[{"embeddable":true,"href":"https:\/\/www.europesays.com\/se\/wp-json\/wp\/v2\/users\/2"}],"replies":[{"embeddable":true,"href":"https:\/\/www.europesays.com\/se\/wp-json\/wp\/v2\/comments?post=133717"}],"version-history":[{"count":0,"href":"https:\/\/www.europesays.com\/se\/wp-json\/wp\/v2\/posts\/133717\/revisions"}],"wp:featuredmedia":[{"embeddable":true,"href":"https:\/\/www.europesays.com\/se\/wp-json\/wp\/v2\/media\/133718"}],"wp:attachment":[{"href":"https:\/\/www.europesays.com\/se\/wp-json\/wp\/v2\/media?parent=133717"}],"wp:term":[{"taxonomy":"category","embeddable":true,"href":"https:\/\/www.europesays.com\/se\/wp-json\/wp\/v2\/categories?post=133717"},{"taxonomy":"post_tag","embeddable":true,"href":"https:\/\/www.europesays.com\/se\/wp-json\/wp\/v2\/tags?post=133717"}],"curies":[{"name":"wp","href":"https:\/\/api.w.org\/{rel}","templated":true}]}}