{"id":133721,"date":"2026-01-12T21:02:07","date_gmt":"2026-01-12T21:02:07","guid":{"rendered":"https:\/\/www.europesays.com\/se\/133721\/"},"modified":"2026-01-12T21:02:07","modified_gmt":"2026-01-12T21:02:07","slug":"demonstranter-sagade-av-flaggstang-pa-brando-tva-gripna-hufvudstadsbladet","status":"publish","type":"post","link":"https:\/\/www.europesays.com\/se\/133721\/","title":{"rendered":"Demonstranter s\u00e5gade av flaggst\u00e5ng p\u00e5 Br\u00e4nd\u00f6 \u2013 tv\u00e5 gripna \u2013 Hufvudstadsbladet"},"content":{"rendered":"<p>Polisen fick p\u00e5 m\u00e5ndagen vid 17-tiden in en anm\u00e4lan om att flaggst\u00e5ngen p\u00e5 g\u00e5rden utanf\u00f6r Irans ambassad hade f\u00e4llts och att staketet till ambassaden hade klottrats ner.<\/p>\n<p>Polisen uppger i ett pressmeddelande att tv\u00e5 personer har gripits med anledning av h\u00e4ndelsen. De misst\u00e4nks f\u00f6r grovt brott mot offentlig frid och f\u00f6r skadeg\u00f6relse. <\/p>\n<p>P\u00e5 en video \u00f6ver aktionen mot ambassaden syns m\u00e4n som sprejar slagord p\u00e5 staketet och h\u00e4nger upp \u201dLejonet och solen\u201d, nationsflaggan som anv\u00e4ndes f\u00f6re den islamiska revolutionen, p\u00e5 porten till ambassaden.<\/p>\n<p>P\u00e5 videon fr\u00e5n demonstrationen kan man ocks\u00e5 h\u00f6ra och se hur flaggst\u00e5ngen p\u00e5 g\u00e5rden s\u00e5gas av.<\/p>\n<p>Demonstranterna ropar om och om igen p\u00e5 persiska \u201dJavid Shah&#8221;, l\u00e4nge leve kungen. Uttrycket anv\u00e4nds av anh\u00e4ngare till den iranska monarkin som en lojalitetsh\u00e4lsning till shahen.  Det \u00e4r ett slagord f\u00f6r st\u00f6d till kungahuset och \u00f6nskan om dess \u00e5teruppr\u00e4ttande.<\/p>\n<p>M\u00e5nga demonstranter i Iran har kr\u00e4vt att <strong>Reza Pahlavi <\/strong>ska \u00e5terv\u00e4nda till landet.  Han \u00e4r den landsflyktige sonen till Irans siste shah, <strong>Mohammad Reza Shah Pahlavi<\/strong>, som avsattes 1979 n\u00e4r monarkin i Iran st\u00f6rtades. <\/p>\n<p>I fredags uppmanade Reza Pahlavi iranier i exil till st\u00f6ddemonstrationer i st\u00e4der v\u00e4rlden \u00f6ver. <\/p>\n","protected":false},"excerpt":{"rendered":"Polisen fick p\u00e5 m\u00e5ndagen vid 17-tiden in en anm\u00e4lan om att flaggst\u00e5ngen p\u00e5 g\u00e5rden utanf\u00f6r Irans ambassad hade&hellip;\n","protected":false},"author":2,"featured_media":133722,"comment_status":"","ping_status":"","sticky":false,"template":"","format":"standard","meta":{"footnotes":""},"categories":[14],"tags":[22,23,26,27,17,21,24,25,28,29,15,16,18,34,31,33,32,30,19,20,51,52,53,54],"class_list":{"0":"post-133721","1":"post","2":"type-post","3":"status-publish","4":"format-standard","5":"has-post-thumbnail","7":"category-varlden","8":"tag-breaking-news","9":"tag-breakingnews","10":"tag-featured-news","11":"tag-featurednews","12":"tag-headlines","13":"tag-huvudnyheter","14":"tag-latest-news","15":"tag-latestnews","16":"tag-main-news","17":"tag-mainnews","18":"tag-news","19":"tag-nyheter","20":"tag-rubriker","21":"tag-se","22":"tag-svenska","23":"tag-sverige","24":"tag-sweden","25":"tag-swedish","26":"tag-top-stories","27":"tag-topstories","28":"tag-varlden","29":"tag-world","30":"tag-world-news","31":"tag-worldnews"},"share_on_mastodon":{"url":"https:\/\/pubeurope.com\/@se\/115884152759210406","error":""},"_links":{"self":[{"href":"https:\/\/www.europesays.com\/se\/wp-json\/wp\/v2\/posts\/133721","targetHints":{"allow":["GET"]}}],"collection":[{"href":"https:\/\/www.europesays.com\/se\/wp-json\/wp\/v2\/posts"}],"about":[{"href":"https:\/\/www.europesays.com\/se\/wp-json\/wp\/v2\/types\/post"}],"author":[{"embeddable":true,"href":"https:\/\/www.europesays.com\/se\/wp-json\/wp\/v2\/users\/2"}],"replies":[{"embeddable":true,"href":"https:\/\/www.europesays.com\/se\/wp-json\/wp\/v2\/comments?post=133721"}],"version-history":[{"count":0,"href":"https:\/\/www.europesays.com\/se\/wp-json\/wp\/v2\/posts\/133721\/revisions"}],"wp:featuredmedia":[{"embeddable":true,"href":"https:\/\/www.europesays.com\/se\/wp-json\/wp\/v2\/media\/133722"}],"wp:attachment":[{"href":"https:\/\/www.europesays.com\/se\/wp-json\/wp\/v2\/media?parent=133721"}],"wp:term":[{"taxonomy":"category","embeddable":true,"href":"https:\/\/www.europesays.com\/se\/wp-json\/wp\/v2\/categories?post=133721"},{"taxonomy":"post_tag","embeddable":true,"href":"https:\/\/www.europesays.com\/se\/wp-json\/wp\/v2\/tags?post=133721"}],"curies":[{"name":"wp","href":"https:\/\/api.w.org\/{rel}","templated":true}]}}