{"id":133723,"date":"2026-01-12T21:10:12","date_gmt":"2026-01-12T21:10:12","guid":{"rendered":"https:\/\/www.europesays.com\/se\/133723\/"},"modified":"2026-01-12T21:10:12","modified_gmt":"2026-01-12T21:10:12","slug":"trump-ska-traffa-venezuelansk-fredspristagare","status":"publish","type":"post","link":"https:\/\/www.europesays.com\/se\/133723\/","title":{"rendered":"Trump ska tr\u00e4ffa venezuelansk fredspristagare"},"content":{"rendered":"<p><strong>Bes\u00f6ket sker samtidigt<\/strong> som Trump nyligen avstod fr\u00e5n att ge Machado sitt st\u00f6d efter USA:s milit\u00e4ra angrepp i Caracas och gripandet av Venezuelas ledare Nicol\u00e1s Maduro. Maduros vicepresident, Delcy Rodr\u00edguez, har d\u00e4refter svurits in som tillf\u00f6rordnad president.\u00a0<\/p>\n<p>Kort efter operationen den 3 januari sade Trump att det skulle bli sv\u00e5rt f\u00f6r Machado att leda Venezuela och menade att hon saknar b\u00e5de folkets st\u00f6d och respekt.\u00a0<\/p>\n","protected":false},"excerpt":{"rendered":"Bes\u00f6ket sker samtidigt som Trump nyligen avstod fr\u00e5n att ge Machado sitt st\u00f6d efter USA:s milit\u00e4ra angrepp i&hellip;\n","protected":false},"author":2,"featured_media":133724,"comment_status":"","ping_status":"","sticky":false,"template":"","format":"standard","meta":{"footnotes":""},"categories":[14],"tags":[22,23,26,27,17,21,24,25,28,29,15,16,18,34,31,33,32,30,19,20,51,52,53,54],"class_list":{"0":"post-133723","1":"post","2":"type-post","3":"status-publish","4":"format-standard","5":"has-post-thumbnail","7":"category-varlden","8":"tag-breaking-news","9":"tag-breakingnews","10":"tag-featured-news","11":"tag-featurednews","12":"tag-headlines","13":"tag-huvudnyheter","14":"tag-latest-news","15":"tag-latestnews","16":"tag-main-news","17":"tag-mainnews","18":"tag-news","19":"tag-nyheter","20":"tag-rubriker","21":"tag-se","22":"tag-svenska","23":"tag-sverige","24":"tag-sweden","25":"tag-swedish","26":"tag-top-stories","27":"tag-topstories","28":"tag-varlden","29":"tag-world","30":"tag-world-news","31":"tag-worldnews"},"share_on_mastodon":{"url":"https:\/\/pubeurope.com\/@se\/115884184294897052","error":""},"_links":{"self":[{"href":"https:\/\/www.europesays.com\/se\/wp-json\/wp\/v2\/posts\/133723","targetHints":{"allow":["GET"]}}],"collection":[{"href":"https:\/\/www.europesays.com\/se\/wp-json\/wp\/v2\/posts"}],"about":[{"href":"https:\/\/www.europesays.com\/se\/wp-json\/wp\/v2\/types\/post"}],"author":[{"embeddable":true,"href":"https:\/\/www.europesays.com\/se\/wp-json\/wp\/v2\/users\/2"}],"replies":[{"embeddable":true,"href":"https:\/\/www.europesays.com\/se\/wp-json\/wp\/v2\/comments?post=133723"}],"version-history":[{"count":0,"href":"https:\/\/www.europesays.com\/se\/wp-json\/wp\/v2\/posts\/133723\/revisions"}],"wp:featuredmedia":[{"embeddable":true,"href":"https:\/\/www.europesays.com\/se\/wp-json\/wp\/v2\/media\/133724"}],"wp:attachment":[{"href":"https:\/\/www.europesays.com\/se\/wp-json\/wp\/v2\/media?parent=133723"}],"wp:term":[{"taxonomy":"category","embeddable":true,"href":"https:\/\/www.europesays.com\/se\/wp-json\/wp\/v2\/categories?post=133723"},{"taxonomy":"post_tag","embeddable":true,"href":"https:\/\/www.europesays.com\/se\/wp-json\/wp\/v2\/tags?post=133723"}],"curies":[{"name":"wp","href":"https:\/\/api.w.org\/{rel}","templated":true}]}}