{"id":133725,"date":"2026-01-12T21:11:09","date_gmt":"2026-01-12T21:11:09","guid":{"rendered":"https:\/\/www.europesays.com\/se\/133725\/"},"modified":"2026-01-12T21:11:09","modified_gmt":"2026-01-12T21:11:09","slug":"trygghetspunkter-och-journummer-stangs-atergang-till-ordinarie-verksamhet","status":"publish","type":"post","link":"https:\/\/www.europesays.com\/se\/133725\/","title":{"rendered":"Trygghetspunkter och journummer st\u00e4ngs \u2013 \u00e5terg\u00e5ng till ordinarie verksamhet"},"content":{"rendered":"<p class=\"font-normal\">De senaste veckorna med <a href=\"https:\/\/www.soderhamn.se\/sidor\/omsorg-och-stod\/trygg-och-saker\/kris-och-beredskap\/stormen-johannes-och-snostormen-anna.html\" rel=\"nofollow noopener\" target=\"_blank\">stormar och sn\u00f6fall<\/a> har p\u00e5 olika s\u00e4tt p\u00e5verkat medborgare i alla kommundelar, liksom kommunal personal och verksamheter. D\u00e5 bara ett f\u00e5tal hush\u00e5ll fortfarande saknar str\u00f6m v\u00e4ntar nu \u00e5terg\u00e5ng till ordinarie verksamhet.<\/p>\n<ul class=\" env-text-list font-normal\">\n<li>De trygghetspunkter som \u00f6ppnats f\u00f6r att underl\u00e4tta f\u00f6r medborgare st\u00e4ngs. Servicepunkter finns i de lokala livsmedelsbutikerna i Str\u00e5tj\u00e4ra, Bergvik, Tr\u00f6n\u00f6 och Ljusne.<\/li>\n<li>Det journummer som f\u00e5ngat upp hj\u00e4lpbehov utg\u00e5r fr\u00e5n och med kl 20.00 m\u00e5ndag 12 januari, med h\u00e4nvisning till Kundtj\u00e4nst, 0270-750 00. F\u00f6r Kundtj\u00e4nst och felanm\u00e4lan Faxeholmen:<strong> <\/strong>0270-729 50, kundservice S\u00f6derhamn N\u00e4ra: 0270-766 10.<\/li>\n<\/ul>\n<p>En gemensam insats &#8211; tack!<\/p>\n<p class=\"font-normal\">Tack alla f\u00f6r t\u00e5lamod och omtanke med medm\u00e4nniskor under och efter de b\u00e5da stormarna!<\/p>\n<p class=\"font-normal\">&#8211; Jag vill rikta ett varmt tack till v\u00e5ra medborgare, f\u00f6reningar och n\u00e4ringsliv i S\u00f6derhamn som visat t\u00e5lamod, handlingskraft och beredskapsf\u00f6rm\u00e5ga under den h\u00e4r tiden. Det \u00e4r i samverkan vi b\u00e4st bygger beredskap och hanterar de kriser vi som samh\u00e4lle st\u00e4lls inf\u00f6r, s\u00e4ger Camilla Niss, kommundirekt\u00f6r S\u00f6derhamns kommun.<\/p>\n<p class=\"font-normal\">S\u00f6derhamns kommun har under krisen haft <a href=\"https:\/\/www.soderhamn.se\/sidor\/arkiv\/nyhetsarkiv\/nyheter\/2026-01-01-krisledningsstab-aktiverad---det-har-gor-kommunen-just-nu.html\" rel=\"nofollow noopener\" target=\"_blank\">krisledningstaben aktiverad<\/a> f\u00f6r att p\u00e5 b\u00e4sta m\u00f6jliga s\u00e4tt hantera konsekvenser och utv\u00e4rderar f\u00f6r att \u00f6ka beredskapen ytterligare inf\u00f6r n\u00e4sta kris. \u00c4ven f\u00f6r hush\u00e5ll kan det vara bra att se \u00f6ver vilken beredskap som finns hemma.<\/p>\n<p class=\"font-normal\"><strong>L\u00e4s mer:<\/strong> <a href=\"https:\/\/www.mcf.se\/sv\/rad-till-privatpersoner\/hemberedskap---preppa-for-en-vecka\/grunder-i-hemberedskap\/\" rel=\"nofollow noopener\" target=\"_blank\">Grunder i hemberedskap \u2013 Myndigheten f\u00f6r civilt f\u00f6rsvar L\u00e4nk till annan webbplats.<\/a><\/p>\n","protected":false},"excerpt":{"rendered":"De senaste veckorna med stormar och sn\u00f6fall har p\u00e5 olika s\u00e4tt p\u00e5verkat medborgare i alla kommundelar, liksom kommunal&hellip;\n","protected":false},"author":2,"featured_media":133726,"comment_status":"","ping_status":"","sticky":false,"template":"","format":"standard","meta":{"footnotes":""},"categories":[12],"tags":[22,23,26,27,17,21,24,25,28,29,15,16,18,34,31,33,32,30,19,20],"class_list":{"0":"post-133725","1":"post","2":"type-post","3":"status-publish","4":"format-standard","5":"has-post-thumbnail","7":"category-sverige","8":"tag-breaking-news","9":"tag-breakingnews","10":"tag-featured-news","11":"tag-featurednews","12":"tag-headlines","13":"tag-huvudnyheter","14":"tag-latest-news","15":"tag-latestnews","16":"tag-main-news","17":"tag-mainnews","18":"tag-news","19":"tag-nyheter","20":"tag-rubriker","21":"tag-se","22":"tag-svenska","23":"tag-sverige","24":"tag-sweden","25":"tag-swedish","26":"tag-top-stories","27":"tag-topstories"},"share_on_mastodon":{"url":"https:\/\/pubeurope.com\/@se\/115884188142140290","error":""},"_links":{"self":[{"href":"https:\/\/www.europesays.com\/se\/wp-json\/wp\/v2\/posts\/133725","targetHints":{"allow":["GET"]}}],"collection":[{"href":"https:\/\/www.europesays.com\/se\/wp-json\/wp\/v2\/posts"}],"about":[{"href":"https:\/\/www.europesays.com\/se\/wp-json\/wp\/v2\/types\/post"}],"author":[{"embeddable":true,"href":"https:\/\/www.europesays.com\/se\/wp-json\/wp\/v2\/users\/2"}],"replies":[{"embeddable":true,"href":"https:\/\/www.europesays.com\/se\/wp-json\/wp\/v2\/comments?post=133725"}],"version-history":[{"count":0,"href":"https:\/\/www.europesays.com\/se\/wp-json\/wp\/v2\/posts\/133725\/revisions"}],"wp:featuredmedia":[{"embeddable":true,"href":"https:\/\/www.europesays.com\/se\/wp-json\/wp\/v2\/media\/133726"}],"wp:attachment":[{"href":"https:\/\/www.europesays.com\/se\/wp-json\/wp\/v2\/media?parent=133725"}],"wp:term":[{"taxonomy":"category","embeddable":true,"href":"https:\/\/www.europesays.com\/se\/wp-json\/wp\/v2\/categories?post=133725"},{"taxonomy":"post_tag","embeddable":true,"href":"https:\/\/www.europesays.com\/se\/wp-json\/wp\/v2\/tags?post=133725"}],"curies":[{"name":"wp","href":"https:\/\/api.w.org\/{rel}","templated":true}]}}