{"id":133727,"date":"2026-01-12T21:18:11","date_gmt":"2026-01-12T21:18:11","guid":{"rendered":"https:\/\/www.europesays.com\/se\/133727\/"},"modified":"2026-01-12T21:18:11","modified_gmt":"2026-01-12T21:18:11","slug":"sa-kan-europa-bli-tryggare-trots-hot-fran-bade-ost-och-vast-boras-tidning","status":"publish","type":"post","link":"https:\/\/www.europesays.com\/se\/133727\/","title":{"rendered":"S\u00e5 kan Europa bli tryggare trots hot fr\u00e5n b\u00e5de \u00f6st och v\u00e4st \u2013 Bor\u00e5s Tidning"},"content":{"rendered":"<p>Ett europeiskt s\u00e4kerhetsr\u00e5d \u00e4r tyv\u00e4rr en god id\u00e9.<\/p>\n<p>Det h\u00e4r \u00e4r en kr\u00f6nika av en medarbetare p\u00e5 ledarredaktionen.Bor\u00e5s Tidnings politiska etikett \u00e4r moderat.<\/p>\n<p><img loading=\"lazy\" decoding=\"async\" width=\"980\" height=\"551\" class=\"article-image article-image--featured\" alt=\"veriges f\u00f6rsvarsminister P\u00e5l Jonson (M) och Andrius Kubilius, EU-kommission\u00e4r med ansvar f\u00f6r f\u00f6rsvars- och rymdfr\u00e5gor, tas emot av landsh\u00f6vding Helena H\u00f6ij, Jan-Olof Jacke, Folk och f\u00f6rsvars ordf\u00f6rande, och Maud Holma von Heijne, Folk och f\u00f6rsvars generalsekreterare, vid rikskonferensen i S\u00e4len.\" src=\"https:\/\/www.europesays.com\/se\/wp-content\/uploads\/2026\/01\/03740c42-926b-48c9-b7a5-0b8ba02ac759.jpeg\"  \/><a class=\"article__lightbox-link\" href=\"https:\/\/static.bonniernews.se\/ba\/03740c42-926b-48c9-b7a5-0b8ba02ac759.jpeg?crop=7820%2C4399%2Cx0%2Cy408&amp;width=1400&amp;format=pjpg&amp;auto=avif\" data-pswp-width=\"1400\" data-pswp-height=\"788\" data-pswp-caption=\"veriges f\u00f6rsvarsminister P\u00e5l Jonson (M) och Andrius Kubilius, EU-kommission\u00e4r med ansvar f\u00f6r f\u00f6rsvars- och rymdfr\u00e5gor, tas emot av landsh\u00f6vding Helena H\u00f6ij, Jan-Olof Jacke, Folk och f\u00f6rsvars ordf\u00f6rande, och Maud Holma von Heijne, Folk och f\u00f6rsvars generalsekreterare, vid rikskonferensen i S\u00e4len. Bild: Henrik Montgomery\/TT\" data-pswp- rel=\"nofollow noopener\" target=\"_blank\">\u00d6ppna bild i helsk\u00e4rmsl\u00e4ge<\/a><\/p>\n<p class=\"txt-style-muted\" aria-hidden=\"true\">veriges f\u00f6rsvarsminister P\u00e5l Jonson (M) och Andrius Kubilius, EU-kommission\u00e4r med ansvar f\u00f6r f\u00f6rsvars- och rymdfr\u00e5gor, tas emot av landsh\u00f6vding Helena H\u00f6ij, Jan-Olof Jacke, Folk och f\u00f6rsvars ordf\u00f6rande, och Maud Holma von Heijne, Folk och f\u00f6rsvars generalsekreterare, vid rikskonferensen i S\u00e4len.<\/p>\n<p class=\"article__figcaption-attribution txt-style-muted\">Bild: Henrik Montgomery\/TT<\/p>\n<p>Han kallar det ett \u201dintellektuellt big bang\u201d, en omst\u00f6pning av EU:s ledarskap vad g\u00e4ller s\u00e4kerhetsfr\u00e5gor. EU-kommission\u00e4ren f\u00f6r f\u00f6rsvarsfr\u00e5gor, Andrius Kubilius, \u00e4r p\u00e5 bes\u00f6k under konferensen Folk och f\u00f6rsvar i S\u00e4len, och tajmingen kunde knappast ha varit b\u00e4ttre sett till \u00e4mnets aktualitet.<\/p>\n<p>USA:s h\u00e4rjningar p\u00e5 den internationella arenan v\u00e4cker av f\u00f6rklarliga sk\u00e4l oro p\u00e5 flera h\u00e5ll. Stormningen och f\u00e4ngslandet av Venezuelas president Nicolas Maduro \u00e4r ett \u00f6vertydligt bevis p\u00e5 att Trump ibland g\u00f6r exakt vad han hotar med, och d\u00e4rf\u00f6r \u00e4r retoriken om Gr\u00f6nland extra bekymmersam. Nu \u00e4r det visserligen f\u00e5 som tror att amerikanska trupper kommer att inta ett annat Natoland. D\u00e4remot finns det mycket den amerikanska administrationen under Trumps ledning kan kr\u00e4va eller p\u00e5 annat s\u00e4tt f\u00f6rst\u00f6ra n\u00e4r det handlar om de transatlantiska relationerna.<\/p>\n<p aria-disabled=\"true\" class=\"ad__preamble ad-text txt-style-muted txt-ui txt-ui--strong txt-ui-2\">Annons<\/p>\n<p aria-disabled=\"true\" class=\"ad__preamble ad-text txt-style-muted txt-ui txt-ui--strong txt-ui-2\">Annons<\/p>\n<p>Detta kan Europa inte st\u00e5 handfallet inf\u00f6r. D\u00e4rf\u00f6r \u00e4r initiativet fr\u00e5n EU:s f\u00f6rsvarskommission\u00e4r n\u00f6dv\u00e4ndigt.<\/p>\n<p>F\u00f6r \u00f6vrigt \u00e4r det ingen slump att det \u00e4r just tv\u00e5 baltiska f\u00f6retr\u00e4dare som har unionens tunga uppdrag f\u00f6r f\u00f6rsvar- och utrikesfr\u00e5gor; f\u00f6rutom Kubilius kommission\u00e4rspost \u00e4r Kaja Kallas fr\u00e5n Estland EU:s utrikeschef, eller Unionens h\u00f6ga representant f\u00f6r utrikesfr\u00e5gor och s\u00e4kerhetspolitik som den formella titeln lyder.<\/p>\n<blockquote class=\"article__blockquote\">\n<p class=\"article__blockquote-text txt-headline txt-headline-3\">Detta kan Europa inte st\u00e5 handfallet inf\u00f6r. D\u00e4rf\u00f6r \u00e4r initiativet fr\u00e5n EU:s f\u00f6rsvarskommission\u00e4r n\u00f6dv\u00e4ndigt.<\/p>\n<\/blockquote>\n<p>De sm\u00e5, baltiska l\u00e4nderna med erfarenhet av Sovjets f\u00f6rtryck har v\u00e4xt till betydelsefulla akt\u00f6rer som manar p\u00e5 unionen att ta kraftfullare tag mot Ryssland. Genom sina h\u00f6ga f\u00f6rsvarsanslag och st\u00f6d till Ukraina uppmuntrar de ocks\u00e5 \u00f6vriga medlemsl\u00e4nder att g\u00f6ra detsamma. F\u00f6r detta f\u00f6rtj\u00e4nar de respekt. Estland, Lettland och Litauen vet ju vad det kan inneb\u00e4ra att ha en kleptokratisk j\u00e4tte till granne.<\/p>\n<p>N\u00e4r Andrius Kubilius nu f\u00f6resl\u00e5r ett europeiskt s\u00e4kerhetsr\u00e5d finns det med andra ord anledning att lyssna. Rent konkret skulle ett s\u00e5dant g\u00f6ra det m\u00f6jligt att planera hur EU:s medlemsl\u00e4nder ska agera inom Nato, allts\u00e5 utan amerikansk inblandning.<\/p>\n<p>Det \u00e4r inte vad Europa vill \u2013 tv\u00e4rtom har v\u00e5r s\u00e4kerhet \u00e4ven efter kalla kriget byggt p\u00e5 ett stabilt, amerikanskt st\u00f6d. Men med tanke p\u00e5 hur den nuvarande amerikanska administrationen ser p\u00e5 USA:s roll i v\u00e4rldspolitiken \u00e4r det dessv\u00e4rre n\u00f6dv\u00e4ndigt att Europa g\u00f6r vad vi kan f\u00f6r att st\u00e5 p\u00e5 egna ben.<\/p>\n<p aria-disabled=\"true\" class=\"ad__preamble ad-text txt-style-muted txt-ui txt-ui--strong txt-ui-2\">Annons<\/p>\n<p aria-disabled=\"true\" class=\"ad__preamble ad-text txt-style-muted txt-ui txt-ui--strong txt-ui-2\">Annons<\/p>\n<p>Ett av flera s\u00e4tt \u00e4r att satsa p\u00e5 ett tydligare och mer effektivt ledarskap i f\u00f6rsvars- och s\u00e4kerhetsfr\u00e5gor. Detta g\u00e4ller inte minst efter budskapet fr\u00e5n Washington i slutet av f\u00f6rra \u00e5ret att EU har ett \u00e5r p\u00e5 sig att ta \u00f6ver huvuddelen av Natos konventionella f\u00f6rsvar. Det omfattar bland annat merparten av de vapen och styrkor som \u00e4r utplacerade inom unionen. Om USA inte \u00e4r n\u00f6jt med EU:s prestation finns risken att landet drar sig tillbaka inom vissa delar.<\/p>\n<p>Tidsfristen \u00e4r alltf\u00f6r kort, men ju fler initiativ EU tar p\u00e5 f\u00f6rsvars- och s\u00e4kerhetsfronten, desto st\u00f6rre \u00e4r chansen att f\u00f6rsvarsf\u00f6rm\u00e5gan f\u00f6rblir h\u00f6g.<\/p>\n<p>En extra bonus \u00e4r att Ryssland d\u00e5 inser att det inte \u00e4r l\u00f6nt att ge sig p\u00e5 oss.<\/p>\n","protected":false},"excerpt":{"rendered":"Ett europeiskt s\u00e4kerhetsr\u00e5d \u00e4r tyv\u00e4rr en god id\u00e9. Det h\u00e4r \u00e4r en kr\u00f6nika av en medarbetare p\u00e5 ledarredaktionen.Bor\u00e5s&hellip;\n","protected":false},"author":2,"featured_media":133728,"comment_status":"","ping_status":"","sticky":false,"template":"","format":"standard","meta":{"footnotes":""},"categories":[14],"tags":[22,23,26,27,17,21,24,25,28,29,15,16,18,34,31,33,32,30,19,20,51,52,53,54],"class_list":{"0":"post-133727","1":"post","2":"type-post","3":"status-publish","4":"format-standard","5":"has-post-thumbnail","7":"category-varlden","8":"tag-breaking-news","9":"tag-breakingnews","10":"tag-featured-news","11":"tag-featurednews","12":"tag-headlines","13":"tag-huvudnyheter","14":"tag-latest-news","15":"tag-latestnews","16":"tag-main-news","17":"tag-mainnews","18":"tag-news","19":"tag-nyheter","20":"tag-rubriker","21":"tag-se","22":"tag-svenska","23":"tag-sverige","24":"tag-sweden","25":"tag-swedish","26":"tag-top-stories","27":"tag-topstories","28":"tag-varlden","29":"tag-world","30":"tag-world-news","31":"tag-worldnews"},"share_on_mastodon":{"url":"https:\/\/pubeurope.com\/@se\/115884215764373001","error":""},"_links":{"self":[{"href":"https:\/\/www.europesays.com\/se\/wp-json\/wp\/v2\/posts\/133727","targetHints":{"allow":["GET"]}}],"collection":[{"href":"https:\/\/www.europesays.com\/se\/wp-json\/wp\/v2\/posts"}],"about":[{"href":"https:\/\/www.europesays.com\/se\/wp-json\/wp\/v2\/types\/post"}],"author":[{"embeddable":true,"href":"https:\/\/www.europesays.com\/se\/wp-json\/wp\/v2\/users\/2"}],"replies":[{"embeddable":true,"href":"https:\/\/www.europesays.com\/se\/wp-json\/wp\/v2\/comments?post=133727"}],"version-history":[{"count":0,"href":"https:\/\/www.europesays.com\/se\/wp-json\/wp\/v2\/posts\/133727\/revisions"}],"wp:featuredmedia":[{"embeddable":true,"href":"https:\/\/www.europesays.com\/se\/wp-json\/wp\/v2\/media\/133728"}],"wp:attachment":[{"href":"https:\/\/www.europesays.com\/se\/wp-json\/wp\/v2\/media?parent=133727"}],"wp:term":[{"taxonomy":"category","embeddable":true,"href":"https:\/\/www.europesays.com\/se\/wp-json\/wp\/v2\/categories?post=133727"},{"taxonomy":"post_tag","embeddable":true,"href":"https:\/\/www.europesays.com\/se\/wp-json\/wp\/v2\/tags?post=133727"}],"curies":[{"name":"wp","href":"https:\/\/api.w.org\/{rel}","templated":true}]}}