{"id":133731,"date":"2026-01-12T21:20:19","date_gmt":"2026-01-12T21:20:19","guid":{"rendered":"https:\/\/www.europesays.com\/se\/133731\/"},"modified":"2026-01-12T21:20:19","modified_gmt":"2026-01-12T21:20:19","slug":"8-sidor-nya-attacker-mot-kiev","status":"publish","type":"post","link":"https:\/\/www.europesays.com\/se\/133731\/","title":{"rendered":"8 Sidor &#8211; Nya attacker mot Kiev"},"content":{"rendered":"<p>Ett hus med l\u00e4genheter i Kiev blev attackerat i fredags. Nu har det varit nya attacker. Foto: Efrem Lukatsky\/AP\/TT<\/p>\n<p>Ryssland har gjort nya attacker<br \/>mot Ukrainas huvudstad Kiev.<br \/>Det ber\u00e4ttar flera tidningar.<\/p>\n<p>Under natten till m\u00e5ndag<br \/>har Ryssland skickat m\u00e5nga<br \/>dr\u00f6nare mot staden.<\/p>\n<p>Flera tusen personer<br \/>i Kiev \u00e4r redan<br \/>utan el och v\u00e4rme.<br \/>Det beror p\u00e5 en tidigare stor rysk<br \/>attack mot staden.<br \/>Den attacken h\u00e4nde i fredags.<br \/>Fyra personer dog.<\/p>\n<p>Samtidigt blir v\u00e4dret<br \/>i Kiev kallare.<br \/>Det \u00e4r nu n\u00e4stan<br \/>20 grader minus.<\/p>\n<p>\u00c4ven staden Odessa<br \/>vid Svarta havet har attackerats.<br \/>\u00d6ver 30 tusen familjer<br \/>d\u00e4r \u00e4r nu utan str\u00f6m.<\/p>\n<p>Det s\u00e4ger ett f\u00f6retag<br \/>f\u00f6r energi.<\/p>\n<p>Det stora kriget i Ukraina<br \/>har snart varit i fyra \u00e5r.<br \/>Kriget b\u00f6rjade<br \/>den 24 februari \u00e5r 2022<br \/>n\u00e4r Ryssland attackerade.<\/p>\n<p>8 SIDOR\/TT<\/p>\n","protected":false},"excerpt":{"rendered":"Ett hus med l\u00e4genheter i Kiev blev attackerat i fredags. Nu har det varit nya attacker. Foto: Efrem&hellip;\n","protected":false},"author":2,"featured_media":133732,"comment_status":"","ping_status":"","sticky":false,"template":"","format":"standard","meta":{"footnotes":""},"categories":[5],"tags":[22,23,26,27,17,21,24,25,28,29,15,16,18,34,31,33,32,30,19,20],"class_list":{"0":"post-133731","1":"post","2":"type-post","3":"status-publish","4":"format-standard","5":"has-post-thumbnail","7":"category-rubriker","8":"tag-breaking-news","9":"tag-breakingnews","10":"tag-featured-news","11":"tag-featurednews","12":"tag-headlines","13":"tag-huvudnyheter","14":"tag-latest-news","15":"tag-latestnews","16":"tag-main-news","17":"tag-mainnews","18":"tag-news","19":"tag-nyheter","20":"tag-rubriker","21":"tag-se","22":"tag-svenska","23":"tag-sverige","24":"tag-sweden","25":"tag-swedish","26":"tag-top-stories","27":"tag-topstories"},"share_on_mastodon":{"url":"https:\/\/pubeurope.com\/@se\/115884223777505578","error":""},"_links":{"self":[{"href":"https:\/\/www.europesays.com\/se\/wp-json\/wp\/v2\/posts\/133731","targetHints":{"allow":["GET"]}}],"collection":[{"href":"https:\/\/www.europesays.com\/se\/wp-json\/wp\/v2\/posts"}],"about":[{"href":"https:\/\/www.europesays.com\/se\/wp-json\/wp\/v2\/types\/post"}],"author":[{"embeddable":true,"href":"https:\/\/www.europesays.com\/se\/wp-json\/wp\/v2\/users\/2"}],"replies":[{"embeddable":true,"href":"https:\/\/www.europesays.com\/se\/wp-json\/wp\/v2\/comments?post=133731"}],"version-history":[{"count":0,"href":"https:\/\/www.europesays.com\/se\/wp-json\/wp\/v2\/posts\/133731\/revisions"}],"wp:featuredmedia":[{"embeddable":true,"href":"https:\/\/www.europesays.com\/se\/wp-json\/wp\/v2\/media\/133732"}],"wp:attachment":[{"href":"https:\/\/www.europesays.com\/se\/wp-json\/wp\/v2\/media?parent=133731"}],"wp:term":[{"taxonomy":"category","embeddable":true,"href":"https:\/\/www.europesays.com\/se\/wp-json\/wp\/v2\/categories?post=133731"},{"taxonomy":"post_tag","embeddable":true,"href":"https:\/\/www.europesays.com\/se\/wp-json\/wp\/v2\/tags?post=133731"}],"curies":[{"name":"wp","href":"https:\/\/api.w.org\/{rel}","templated":true}]}}