{"id":133737,"date":"2026-01-12T21:28:12","date_gmt":"2026-01-12T21:28:12","guid":{"rendered":"https:\/\/www.europesays.com\/se\/133737\/"},"modified":"2026-01-12T21:28:12","modified_gmt":"2026-01-12T21:28:12","slug":"sju-atalas-for-hot-och-mordbrand-mot-politiker-2","status":"publish","type":"post","link":"https:\/\/www.europesays.com\/se\/133737\/","title":{"rendered":"Sju \u00e5talas f\u00f6r hot och mordbrand mot politiker"},"content":{"rendered":"<p>\u00c5talet i S\u00f6dert\u00f6rns tingsr\u00e4tt omfattar bland annat grov egenm\u00e4ktighet med barn, grovt \u00f6vergrepp i r\u00e4ttssak, grova hot mot tj\u00e4nsteman, grova mordbr\u00e4nder och grov skadeg\u00f6relse, enligt ett pressmeddelande.<\/p>\n<p>En man i 40-\u00e5rs\u00e5ldern \u00e5talas f\u00f6r samtliga brott. Fem av de \u00e5talade misst\u00e4nks f\u00f6r att i v\u00e5ras ha f\u00f6rt bort och undanh\u00e5llit tre jourhemsplacerade barn fr\u00e5n sitt familjehem.<\/p>\n","protected":false},"excerpt":{"rendered":"\u00c5talet i S\u00f6dert\u00f6rns tingsr\u00e4tt omfattar bland annat grov egenm\u00e4ktighet med barn, grovt \u00f6vergrepp i r\u00e4ttssak, grova hot mot&hellip;\n","protected":false},"author":2,"featured_media":133738,"comment_status":"","ping_status":"","sticky":false,"template":"","format":"standard","meta":{"footnotes":""},"categories":[12],"tags":[22,23,26,27,17,21,24,25,28,29,15,16,18,34,31,33,32,30,19,20],"class_list":{"0":"post-133737","1":"post","2":"type-post","3":"status-publish","4":"format-standard","5":"has-post-thumbnail","7":"category-sverige","8":"tag-breaking-news","9":"tag-breakingnews","10":"tag-featured-news","11":"tag-featurednews","12":"tag-headlines","13":"tag-huvudnyheter","14":"tag-latest-news","15":"tag-latestnews","16":"tag-main-news","17":"tag-mainnews","18":"tag-news","19":"tag-nyheter","20":"tag-rubriker","21":"tag-se","22":"tag-svenska","23":"tag-sverige","24":"tag-sweden","25":"tag-swedish","26":"tag-top-stories","27":"tag-topstories"},"share_on_mastodon":{"url":"https:\/\/pubeurope.com\/@se\/115884255078810223","error":""},"_links":{"self":[{"href":"https:\/\/www.europesays.com\/se\/wp-json\/wp\/v2\/posts\/133737","targetHints":{"allow":["GET"]}}],"collection":[{"href":"https:\/\/www.europesays.com\/se\/wp-json\/wp\/v2\/posts"}],"about":[{"href":"https:\/\/www.europesays.com\/se\/wp-json\/wp\/v2\/types\/post"}],"author":[{"embeddable":true,"href":"https:\/\/www.europesays.com\/se\/wp-json\/wp\/v2\/users\/2"}],"replies":[{"embeddable":true,"href":"https:\/\/www.europesays.com\/se\/wp-json\/wp\/v2\/comments?post=133737"}],"version-history":[{"count":0,"href":"https:\/\/www.europesays.com\/se\/wp-json\/wp\/v2\/posts\/133737\/revisions"}],"wp:featuredmedia":[{"embeddable":true,"href":"https:\/\/www.europesays.com\/se\/wp-json\/wp\/v2\/media\/133738"}],"wp:attachment":[{"href":"https:\/\/www.europesays.com\/se\/wp-json\/wp\/v2\/media?parent=133737"}],"wp:term":[{"taxonomy":"category","embeddable":true,"href":"https:\/\/www.europesays.com\/se\/wp-json\/wp\/v2\/categories?post=133737"},{"taxonomy":"post_tag","embeddable":true,"href":"https:\/\/www.europesays.com\/se\/wp-json\/wp\/v2\/tags?post=133737"}],"curies":[{"name":"wp","href":"https:\/\/api.w.org\/{rel}","templated":true}]}}