{"id":133739,"date":"2026-01-12T21:31:10","date_gmt":"2026-01-12T21:31:10","guid":{"rendered":"https:\/\/www.europesays.com\/se\/133739\/"},"modified":"2026-01-12T21:31:10","modified_gmt":"2026-01-12T21:31:10","slug":"abbott-ny-tranare-i-farjestad-en-utmaning-vasterbottens-kuriren","status":"publish","type":"post","link":"https:\/\/www.europesays.com\/se\/133739\/","title":{"rendered":"Abbott ny tr\u00e4nare i F\u00e4rjestad: \u201dEn utmaning\u201d &#8211; V\u00e4sterbottens-Kuriren"},"content":{"rendered":"<ol>\n<li><a href=\"https:\/\/news.google.com\/rss\/articles\/CBMiggFBVV95cUxOdVYxSGRIa2tOUERweTVfalRmbnplaW8xLW5uZXk4ejJsZ3FRWndrclZLSnFRVlo0ZDdBbk9lamh3aGF5dGdvS0tvSk5KdDVla05sUEJGXy1fNEFNWEhJSVV6Qkh5S2RQT25QTEJpUHB1M3lkd1ZPaVZvUDZzTVpxM0t3?oc=5\" target=\"_blank\" rel=\"nofollow noopener\">Abbott ny tr\u00e4nare i F\u00e4rjestad: \u201dEn utmaning\u201d<\/a>&nbsp;&nbsp;V\u00e4sterbottens-Kuriren<\/li>\n<li><a href=\"https:\/\/news.google.com\/rss\/articles\/CBMivgFBVV95cUxNQWtIT3V0NUVrNDk1X1BFUmJkZHF1RFBQa0Q4SFV0dXhqbkpvbE5KUEpyYTlsLXpScUxnSWFVU2JuNzZnQkFpeUFmNHlTc0NGMjVPQzJySTdIT2RWUWNjS0dMYW5fNG9IWU5ubTFPNThRME9VQl82NzlNSW1LcGxTVVdyb0VsTXlQRnJQUDBHeVJEb1RMYzEtOXM4YktCQ2t0bEt0elkwRUhnR3pwUjBNU1dTMkVSQ2tRbTdRbXVB?oc=5\" target=\"_blank\" rel=\"nofollow noopener\">Samtalet med J\u00f6rgen: \u201dChockad sj\u00e4lv\u201d<\/a>&nbsp;&nbsp;Aftonbladet<\/li>\n<li><a href=\"https:\/\/news.google.com\/rss\/articles\/CBMikAFBVV95cUxPX2pkM1ZicDRrMkFGUzBxWDkxd2E0b2NnNW1EVmRLdnpia0FxQzlQN1dFREZOTWNrT3p6cGFycTNid0N1MTBwNzFSTzlBNGFHWWJwb3lmdUJUb3kzOE1HenhGV2JKNjI2WWpPa2tEdHR0bFlPSHNIaFJjUkY5Q2E0bUN0anFIeG51WjRsUFFQMXI?oc=5\" target=\"_blank\" rel=\"nofollow noopener\">Ishockey: Uppgifter: J\u00f6rgen J\u00f6nsson kan bli kvar i F\u00e4rjestad \u2013 Senaste nytt: SHL<\/a>&nbsp;&nbsp;SVT Nyheter<\/li>\n<li><a href=\"https:\/\/news.google.com\/rss\/articles\/CBMikAFBVV95cUxNZjdCcDcwZzBNdkFLOVd6U0dPaFJ1QUpteDFZa3BZSkowZTRSOFBrZGRYVVJMeng2V0NRVjM1TFFfeGxEc1VrUmNIUE1oVGF4bVE3UDI1bEVLTjhvRE4zQWJfX0dXQUZtZEl3YkVUWGJRRjBlSEdmcXpwRHJzWXY4S1QtMDNrV0ZvS0lwblVWUW0?oc=5\" target=\"_blank\" rel=\"nofollow noopener\">AVSL\u00d6JAR: Efter turbulensen \u2013 J\u00f6nsson kan bli kvar i F\u00e4rjestad<\/a>&nbsp;&nbsp;NWT<\/li>\n<li><a href=\"https:\/\/news.google.com\/rss\/articles\/CBMiygFBVV95cUxNTUVob2JLZkFhbnl2dkZlYVJyVDZZbGJWV2RuM0J0QmRXclJhZFNtbi10aDdqQTlYcEtKX1ZGNE9GbjRrcmhseHhBMmp5Ym01UHVkdUY4Z0ZPNjJXSVFmNUtiMjcxYklnMEZfUmE4Sml4VEdYdUk3Wlk5aUpUcFFrQzJGRXIzbUQ0alBMM2h6ejBVZjBXWjcwWFJxZ1B5VWx1QVhMSHhRbEl0UXZTaUFYUW45WjFIWk1VNlBGVXF0TEtkdEZHOEo5SzlR?oc=5\" target=\"_blank\" rel=\"nofollow noopener\">\u201dHur m\u00e5nga chock- news har han i sig?\u201d<\/a>&nbsp;&nbsp;Expressen<\/li>\n<\/ol>\n","protected":false},"excerpt":{"rendered":"Abbott ny tr\u00e4nare i F\u00e4rjestad: \u201dEn utmaning\u201d&nbsp;&nbsp;V\u00e4sterbottens-Kuriren Samtalet med J\u00f6rgen: \u201dChockad sj\u00e4lv\u201d&nbsp;&nbsp;Aftonbladet Ishockey: Uppgifter: J\u00f6rgen J\u00f6nsson kan bli&hellip;\n","protected":false},"author":2,"featured_media":133740,"comment_status":"","ping_status":"","sticky":false,"template":"","format":"standard","meta":{"footnotes":""},"categories":[68],"tags":[34,111,110,31,33,32,30],"class_list":{"0":"post-133739","1":"post","2":"type-post","3":"status-publish","4":"format-standard","5":"has-post-thumbnail","7":"category-sport","8":"tag-se","9":"tag-sport","10":"tag-sports","11":"tag-svenska","12":"tag-sverige","13":"tag-sweden","14":"tag-swedish"},"share_on_mastodon":{"url":"https:\/\/pubeurope.com\/@se\/115884266765742417","error":""},"_links":{"self":[{"href":"https:\/\/www.europesays.com\/se\/wp-json\/wp\/v2\/posts\/133739","targetHints":{"allow":["GET"]}}],"collection":[{"href":"https:\/\/www.europesays.com\/se\/wp-json\/wp\/v2\/posts"}],"about":[{"href":"https:\/\/www.europesays.com\/se\/wp-json\/wp\/v2\/types\/post"}],"author":[{"embeddable":true,"href":"https:\/\/www.europesays.com\/se\/wp-json\/wp\/v2\/users\/2"}],"replies":[{"embeddable":true,"href":"https:\/\/www.europesays.com\/se\/wp-json\/wp\/v2\/comments?post=133739"}],"version-history":[{"count":0,"href":"https:\/\/www.europesays.com\/se\/wp-json\/wp\/v2\/posts\/133739\/revisions"}],"wp:featuredmedia":[{"embeddable":true,"href":"https:\/\/www.europesays.com\/se\/wp-json\/wp\/v2\/media\/133740"}],"wp:attachment":[{"href":"https:\/\/www.europesays.com\/se\/wp-json\/wp\/v2\/media?parent=133739"}],"wp:term":[{"taxonomy":"category","embeddable":true,"href":"https:\/\/www.europesays.com\/se\/wp-json\/wp\/v2\/categories?post=133739"},{"taxonomy":"post_tag","embeddable":true,"href":"https:\/\/www.europesays.com\/se\/wp-json\/wp\/v2\/tags?post=133739"}],"curies":[{"name":"wp","href":"https:\/\/api.w.org\/{rel}","templated":true}]}}