{"id":133743,"date":"2026-01-12T21:39:17","date_gmt":"2026-01-12T21:39:17","guid":{"rendered":"https:\/\/www.europesays.com\/se\/133743\/"},"modified":"2026-01-12T21:39:17","modified_gmt":"2026-01-12T21:39:17","slug":"pitea-hockey-sparkar-tranaren-nhl-legendaren-tar-over","status":"publish","type":"post","link":"https:\/\/www.europesays.com\/se\/133743\/","title":{"rendered":"Pite\u00e5 Hockey sparkar tr\u00e4naren \u2013 NHL-legendaren tar \u00f6ver"},"content":{"rendered":"<p>Efter helgens dubbla f\u00f6rluster p\u00e5 bortais parkerar Pite\u00e5 Hockey p\u00e5 en nattsvart 16:e plats i norra hockeyettan som best\u00e5r av 20 lag.Aldrig tidigare under klubbens 40-\u00e5riga historia har laget legat s\u00e5 l\u00e5ngt ner i rankingenTr\u00e4naren Sebastian Fuchs och hans assistent Peter Wallmark sparkas med omedelbar verkan och ers\u00e4tts av Tomas Holmstr\u00f6m som assisteras av Daniel Rankv<\/p>\n","protected":false},"excerpt":{"rendered":"Efter helgens dubbla f\u00f6rluster p\u00e5 bortais parkerar Pite\u00e5 Hockey p\u00e5 en nattsvart 16:e plats i norra hockeyettan som&hellip;\n","protected":false},"author":2,"featured_media":133744,"comment_status":"","ping_status":"","sticky":false,"template":"","format":"standard","meta":{"footnotes":""},"categories":[68],"tags":[34,111,110,31,33,32,30],"class_list":{"0":"post-133743","1":"post","2":"type-post","3":"status-publish","4":"format-standard","5":"has-post-thumbnail","7":"category-sport","8":"tag-se","9":"tag-sport","10":"tag-sports","11":"tag-svenska","12":"tag-sverige","13":"tag-sweden","14":"tag-swedish"},"share_on_mastodon":{"url":"https:\/\/pubeurope.com\/@se\/115884298293064827","error":""},"_links":{"self":[{"href":"https:\/\/www.europesays.com\/se\/wp-json\/wp\/v2\/posts\/133743","targetHints":{"allow":["GET"]}}],"collection":[{"href":"https:\/\/www.europesays.com\/se\/wp-json\/wp\/v2\/posts"}],"about":[{"href":"https:\/\/www.europesays.com\/se\/wp-json\/wp\/v2\/types\/post"}],"author":[{"embeddable":true,"href":"https:\/\/www.europesays.com\/se\/wp-json\/wp\/v2\/users\/2"}],"replies":[{"embeddable":true,"href":"https:\/\/www.europesays.com\/se\/wp-json\/wp\/v2\/comments?post=133743"}],"version-history":[{"count":0,"href":"https:\/\/www.europesays.com\/se\/wp-json\/wp\/v2\/posts\/133743\/revisions"}],"wp:featuredmedia":[{"embeddable":true,"href":"https:\/\/www.europesays.com\/se\/wp-json\/wp\/v2\/media\/133744"}],"wp:attachment":[{"href":"https:\/\/www.europesays.com\/se\/wp-json\/wp\/v2\/media?parent=133743"}],"wp:term":[{"taxonomy":"category","embeddable":true,"href":"https:\/\/www.europesays.com\/se\/wp-json\/wp\/v2\/categories?post=133743"},{"taxonomy":"post_tag","embeddable":true,"href":"https:\/\/www.europesays.com\/se\/wp-json\/wp\/v2\/tags?post=133743"}],"curies":[{"name":"wp","href":"https:\/\/api.w.org\/{rel}","templated":true}]}}