{"id":13376,"date":"2025-08-25T14:00:08","date_gmt":"2025-08-25T14:00:08","guid":{"rendered":"https:\/\/www.europesays.com\/se\/13376\/"},"modified":"2025-08-25T14:00:08","modified_gmt":"2025-08-25T14:00:08","slug":"gaza-city-svalt-och-vilda-hundar-efter-kriget","status":"publish","type":"post","link":"https:\/\/www.europesays.com\/se\/13376\/","title":{"rendered":"Gaza city sv\u00e4lt och vilda hundar efter kriget"},"content":{"rendered":"<p><a class=\"wing-tag\" href=\"https:\/\/www.expressen.se\/om\/gaza\/\" rel=\"nofollow noopener\" target=\"_blank\">Gaza<\/a><\/p>\n<p>Publicerad 25 aug 2025 kl 14.54Uppdaterad kl 15.39<\/p>\n<p>Sv\u00e4lt, ruiner och vilda hundar.<\/p>\n<p>Gaza stad \u00e4r i f\u00f6r\u00f6delse efter Israels attacker.\u00a0<\/p>\n<p>Inv\u00e5narna i staden vittnar f\u00f6r <a href=\"https:\/\/edition.cnn.com\/2025\/08\/24\/middleeast\/gaza-city-chaos-israel-intl\" rel=\"nofollow noopener\" target=\"_blank\">CNN<\/a> om hur livet ser ut i stan inf\u00f6r den v\u00e4ntade offensiven.\u00a0<\/p>\n<p>Minst 19 personer uppges ha d\u00f6dats.<img loading=\"lazy\"   alt=\"\"\/><\/p>\n<p>Bostadsomr\u00e5det Al-Karama efter en israelisk attack den 25 augusti.<\/p>\n<p>Foto: AA \/ STELLA PICTURES\/ABACA PRESS ABACA PRESS<\/p>\n<p>\u00d6ppna bild i helsk\u00e4rm<img loading=\"lazy\"   alt=\"\"\/><\/p>\n<p>Sl\u00e4ktingar s\u00f6rjer sina anh\u00f6riga som d\u00f6dats i israeliska attacken av al-Shifa-sjukhuset.<\/p>\n<p>Foto: AA \/ STELLA PICTURES\/ABACA PRESS ABACA PRESS<\/p>\n<p>\u00d6ppna bild i helsk\u00e4rm<\/p>\n<p>Staden som en g\u00e5ng var full av liv ligger nu i ruiner efter fortl\u00f6pande israeliska attacker sedan 7 oktober 2023.\u00a0<\/p>\n<p>Men inga utl\u00e4ndska journalister sl\u00e4pps in.<\/p>\n<p>D\u00e4rf\u00f6r har <a href=\"https:\/\/edition.cnn.com\/2025\/08\/24\/middleeast\/gaza-city-chaos-israel-intl\" rel=\"nofollow noopener\" target=\"_blank\">CNN<\/a> pratat med flera personer som befinner sig i <a href=\"https:\/\/www.expressen.se\/tagg\/location\/gaza\/\" class=\"\" rel=\"nofollow noopener\" target=\"_blank\">Gaza<\/a> stad f\u00f6r att f\u00e5 en bild av hur livet ser ut p\u00e5 platsen.\u00a0<\/p>\n<p>\u2013 Folk kan vara trettio \u00e5r gamla, men utmattningen g\u00f6r att de ser ut som sjuttio. Hunger och d\u00e5lig mat forts\u00e4tter att t\u00e4ra p\u00e5 dem. Vi g\u00e5r bara p\u00e5 toaletten var tredje dag p\u00e5 grund av matbristen och h\u00f6ga matpriser, s\u00e4ger fyrabarnspappan Majdi Abu Hamdi, 40, till kanalen.\u00a0<\/p>\n<p>Vildhundar och l\u00f6ss<\/p>\n<p>Hundratusentals inv\u00e5narna bor nu i s\u00f6nderbombade byggnader eller i t\u00e4lt. De pl\u00e5gas av l\u00f6ss och p\u00e5 n\u00e4tterna ylar f\u00f6rvildade hundar, s\u00e4ger Majdi Abu Hamdi till CNN.<\/p>\n<p>\u2013 Deras sk\u00e4llande har f\u00f6r\u00e4ndrats. De \u00e4r till och med farliga f\u00f6r m\u00e4nniskor, och attackerar brutalt. F\u00f6r tv\u00e5 dagar sedan gick en katt n\u00e4ra dem. Mer \u00e4n tjugo hundar attackerade och slet den i bitar.\u00a0<\/p>\n<p>Hamas syns inte till<\/p>\n<p>Hamas tog kontroll \u00f6ver Gazaremsan 2007.<\/p>\n<p>Men efter att kriget inleddes 2023 ser man inte l\u00e4ngre den terrorst\u00e4mplade gruppen patrullera gatorna p\u00e5 samma s\u00e4tt, enligt Gazabon Abu Mohamed.\u00a0<\/p>\n<p>\u2013 De har ingen kontroll, det \u00e4r inte som f\u00f6rr. Men helt pl\u00f6tsligt ser man dem, man vet inte var de kommer ifr\u00e5n, s\u00e4ger han till CNN.\u00a0<\/p>\n<p>Undantaget var i januari d\u00e5 Hamas arrangerade ceremonier f\u00f6r att \u00f6verl\u00e4mna personer ur gisslan till Israel n\u00e4r parterna n\u00e5dde avtal om vapenvila, enligt kanalen.\u00a0<\/p>\n<p>Det h\u00e4r \u00e4r Hamas och Gaza<\/p>\n<p>\u2022 Hamas \u00e4r en terrorst\u00e4mplad islamistisk palestinsk grupp som styr p\u00e5 Gazaremsan.<\/p>\n<p>\u2022 Gazaremsan ligger vid Medelhavets syd\u00f6stra h\u00f6rn, med en kort gr\u00e4ns mot Egypten i s\u00f6der. I \u00f6vrigt \u00e4r Gaza omslutet av Israel, det enda land i v\u00e4rlden med judisk majoritets befolkning.<\/p>\n<p>\u2022 2006 vann Hamas \u00f6ver det sekul\u00e4ra al-Fatah i ett parlamentsval i Gaza.<\/p>\n<p>\u2022 2007 sl\u00e4ngde Hamas ut al-Fatah fr\u00e5n Gaza och tog \u00f6ver f\u00f6rvaltning och polisi\u00e4r verksamhet.<\/p>\n<p>\u2022 Sedan dess har Israel uppr\u00e4tth\u00e5llit en blockad mot omr\u00e5det. Flera krig har utk\u00e4mpats mellan Hamas och Israel sedan 2007.<\/p>\n<p>\u2022 Hamas \u00e4r terrorst\u00e4mplad av flera organisationer och stater, s\u00e5 som EU, USA, Egypten och Israel.<\/p>\n<p>K\u00e4lla: TT, BBC<\/p>\n<p>Visa mer<\/p>\n<p>FN har varnat f\u00f6r att en ut\u00f6kad israelisk offensiv p\u00e5 Gazaremsan skulle f\u00e5 katastrofala konsekvenser f\u00f6r omr\u00e5dets redan sv\u00e5rt pr\u00f6vade befolkning. Planerna p\u00e5 upptrappning i Gaza har kritiserats \u00e4ven i Israel, d\u00e4r m\u00e5nga befarar att en ut\u00f6kad offensiv inneb\u00e4r en d\u00f6dsdom f\u00f6r de omkring 20 gisslan som fortfarande bed\u00f6ms vara vid liv.<\/p>\n<p><strong>L\u00c4S MER: <\/strong><a href=\"https:\/\/www.expressen.se\/nyheter\/varlden\/ministern-snart-oppnas-helvetets-portar\/\" class=\"\" rel=\"nofollow noopener\" target=\"_blank\">Israels f\u00f6rsvarsminister: \u201dSnart \u00f6ppnas helvetets portar\u201d<\/a><\/p>\n","protected":false},"excerpt":{"rendered":"Gaza Publicerad 25 aug 2025 kl 14.54Uppdaterad kl 15.39 Sv\u00e4lt, ruiner och vilda hundar. Gaza stad \u00e4r i&hellip;\n","protected":false},"author":2,"featured_media":13377,"comment_status":"","ping_status":"","sticky":false,"template":"","format":"standard","meta":{"footnotes":"","_share_on_mastodon":"0"},"categories":[5],"tags":[22,23,26,27,17,21,24,25,56,58,28,29,15,59,16,962,1806,18,34,55,31,33,32,30,19,20],"class_list":["post-13376","post","type-post","status-publish","format-standard","has-post-thumbnail","category-rubriker","tag-breaking-news","tag-breakingnews","tag-featured-news","tag-featurednews","tag-headlines","tag-huvudnyheter","tag-latest-news","tag-latestnews","tag-location-gaza","tag-location-israel","tag-main-news","tag-mainnews","tag-news","tag-newsstory-gaza","tag-nyheter","tag-organization-cnn","tag-organization-hamas","tag-rubriker","tag-se","tag-sections-varlden","tag-svenska","tag-sverige","tag-sweden","tag-swedish","tag-top-stories","tag-topstories"],"share_on_mastodon":{"url":"","error":""},"_links":{"self":[{"href":"https:\/\/www.europesays.com\/se\/wp-json\/wp\/v2\/posts\/13376","targetHints":{"allow":["GET"]}}],"collection":[{"href":"https:\/\/www.europesays.com\/se\/wp-json\/wp\/v2\/posts"}],"about":[{"href":"https:\/\/www.europesays.com\/se\/wp-json\/wp\/v2\/types\/post"}],"author":[{"embeddable":true,"href":"https:\/\/www.europesays.com\/se\/wp-json\/wp\/v2\/users\/2"}],"replies":[{"embeddable":true,"href":"https:\/\/www.europesays.com\/se\/wp-json\/wp\/v2\/comments?post=13376"}],"version-history":[{"count":0,"href":"https:\/\/www.europesays.com\/se\/wp-json\/wp\/v2\/posts\/13376\/revisions"}],"wp:featuredmedia":[{"embeddable":true,"href":"https:\/\/www.europesays.com\/se\/wp-json\/wp\/v2\/media\/13377"}],"wp:attachment":[{"href":"https:\/\/www.europesays.com\/se\/wp-json\/wp\/v2\/media?parent=13376"}],"wp:term":[{"taxonomy":"category","embeddable":true,"href":"https:\/\/www.europesays.com\/se\/wp-json\/wp\/v2\/categories?post=13376"},{"taxonomy":"post_tag","embeddable":true,"href":"https:\/\/www.europesays.com\/se\/wp-json\/wp\/v2\/tags?post=13376"}],"curies":[{"name":"wp","href":"https:\/\/api.w.org\/{rel}","templated":true}]}}