{"id":133761,"date":"2026-01-12T22:39:06","date_gmt":"2026-01-12T22:39:06","guid":{"rendered":"https:\/\/www.europesays.com\/se\/133761\/"},"modified":"2026-01-12T22:39:06","modified_gmt":"2026-01-12T22:39:06","slug":"ob-michael-claesson-ar-inte-orolig-over-nato","status":"publish","type":"post","link":"https:\/\/www.europesays.com\/se\/133761\/","title":{"rendered":"\u00d6B Michael Claesson: \u00c4r inte orolig \u00f6ver Nato"},"content":{"rendered":"<p>\u00d6verbef\u00e4lhavaren f\u00e5r fr\u00e5gan i m\u00e5ndagens s\u00e4ndning av Aktuellt om hur tillf\u00f6rlitlig USA \u00e4r som medlem i Nato i dagsl\u00e4get. Fr\u00e5gan har aktualiserats<strong> <\/strong>med tanke p\u00e5 USA:s president Donald Trumps m\u00e5nga uttalanden om hur viktigt det \u00e4r att Gr\u00f6nland blir amerikansk.<\/p>\n<p>Trump har ocks\u00e5 uttalat att han inte utesluter att anv\u00e4nda milit\u00e4ra medel f\u00f6r att ta \u00f6n som delvis styrs av Danmark.<\/p>\n<p>Danmarks statsminister Mette Frederiksen har p\u00e5 fr\u00e5gor om Trumps hot att annektera Gr\u00f6nland svarat att det skulle vara en kollaps av Nato som milit\u00e4rallians.<\/p>\n<p>Claesson betonar att f\u00f6rsvaret, precis som regeringen, st\u00e5r bakom Danmarks h\u00e5llning i denna fr\u00e5ga.<\/p>\n<p>\u2013 Det \u00e4r sj\u00e4lvklart, s\u00e4ger han.<\/p>\n<p>\u00d6B: Allianser g\u00e5r igenom olika kriser<\/p>\n<p>Michael Claesson tonar ner USA-presidentens hot och uttrycker att han inte \u00e4r orolig.<\/p>\n<p>\u2013 Allianser, internationella organisationer g\u00e5r alltid igenom olika typer av kriser, beroende p\u00e5 den politiska sammans\u00e4ttningen av medlemsl\u00e4ndernas regeringar och statschefer.<\/p>\n<p>Claesson menar att det utan tvekan g\u00e5r att r\u00e4kna upp tv\u00e5, tre stycken tunga strategiska kriser f\u00f6r Nato under dess existens, om man g\u00e5r bak\u00e5t i tiden.<\/p>\n<p>\u2013 Jag utg\u00e5r fr\u00e5n att vi p\u00e5 olika s\u00e4tt kommer att reda ut detta med medel som inte inneb\u00e4r n\u00e5gon typ av milit\u00e4r intervention.<\/p>\n<p>Inom f\u00f6rsvaret, har ni en plan b?<\/p>\n<p>\u2013 V\u00e5r plan b, oavsett om det handlar om Nato eller en annan typ av konflikt, \u00e4r att vi bygger v\u00e5rt nationella f\u00f6rsvar s\u00e5 starkt att vi kan leverera handlingsfrihet till regeringen, s\u00e4ger Claesson och forts\u00e4tter:<\/p>\n<p>\u2013 B\u00e5de som nation och i olika konstellationer av l\u00e4nder med gemensamma intressen, regionalt eller p\u00e5 annat s\u00e4tt, och naturligtvis ytterst Nato.<\/p>\n","protected":false},"excerpt":{"rendered":"\u00d6verbef\u00e4lhavaren f\u00e5r fr\u00e5gan i m\u00e5ndagens s\u00e4ndning av Aktuellt om hur tillf\u00f6rlitlig USA \u00e4r som medlem i Nato i&hellip;\n","protected":false},"author":2,"featured_media":133762,"comment_status":"","ping_status":"","sticky":false,"template":"","format":"standard","meta":{"footnotes":""},"categories":[14],"tags":[22,23,26,27,17,21,24,25,28,29,15,16,18,34,31,33,32,30,19,20,51,52,53,54],"class_list":{"0":"post-133761","1":"post","2":"type-post","3":"status-publish","4":"format-standard","5":"has-post-thumbnail","7":"category-varlden","8":"tag-breaking-news","9":"tag-breakingnews","10":"tag-featured-news","11":"tag-featurednews","12":"tag-headlines","13":"tag-huvudnyheter","14":"tag-latest-news","15":"tag-latestnews","16":"tag-main-news","17":"tag-mainnews","18":"tag-news","19":"tag-nyheter","20":"tag-rubriker","21":"tag-se","22":"tag-svenska","23":"tag-sverige","24":"tag-sweden","25":"tag-swedish","26":"tag-top-stories","27":"tag-topstories","28":"tag-varlden","29":"tag-world","30":"tag-world-news","31":"tag-worldnews"},"share_on_mastodon":{"url":"https:\/\/pubeurope.com\/@se\/115884534163647242","error":""},"_links":{"self":[{"href":"https:\/\/www.europesays.com\/se\/wp-json\/wp\/v2\/posts\/133761","targetHints":{"allow":["GET"]}}],"collection":[{"href":"https:\/\/www.europesays.com\/se\/wp-json\/wp\/v2\/posts"}],"about":[{"href":"https:\/\/www.europesays.com\/se\/wp-json\/wp\/v2\/types\/post"}],"author":[{"embeddable":true,"href":"https:\/\/www.europesays.com\/se\/wp-json\/wp\/v2\/users\/2"}],"replies":[{"embeddable":true,"href":"https:\/\/www.europesays.com\/se\/wp-json\/wp\/v2\/comments?post=133761"}],"version-history":[{"count":0,"href":"https:\/\/www.europesays.com\/se\/wp-json\/wp\/v2\/posts\/133761\/revisions"}],"wp:featuredmedia":[{"embeddable":true,"href":"https:\/\/www.europesays.com\/se\/wp-json\/wp\/v2\/media\/133762"}],"wp:attachment":[{"href":"https:\/\/www.europesays.com\/se\/wp-json\/wp\/v2\/media?parent=133761"}],"wp:term":[{"taxonomy":"category","embeddable":true,"href":"https:\/\/www.europesays.com\/se\/wp-json\/wp\/v2\/categories?post=133761"},{"taxonomy":"post_tag","embeddable":true,"href":"https:\/\/www.europesays.com\/se\/wp-json\/wp\/v2\/tags?post=133761"}],"curies":[{"name":"wp","href":"https:\/\/api.w.org\/{rel}","templated":true}]}}