{"id":133784,"date":"2026-01-12T23:25:08","date_gmt":"2026-01-12T23:25:08","guid":{"rendered":"https:\/\/www.europesays.com\/se\/133784\/"},"modified":"2026-01-12T23:25:08","modified_gmt":"2026-01-12T23:25:08","slug":"har-ar-apples-guldgruva-tjanar-miljarder-i-det-tysta","status":"publish","type":"post","link":"https:\/\/www.europesays.com\/se\/133784\/","title":{"rendered":"H\u00e4r \u00e4r Apples guldgruva \u2013 tj\u00e4nar miljarder i det tysta"},"content":{"rendered":"<p>2025 blev ett viktigt \u00e5r f\u00f6r <a href=\"https:\/\/www.dagensps.se\/tag\/apple\/\" rel=\"nofollow noopener\" target=\"_blank\">Apple<\/a>. Bolagets tj\u00e4nsteverksamhet utvecklades starkt, b\u00e5de n\u00e4r det g\u00e4ller anv\u00e4ndning och ekonomisk betydelse. <\/p>\n<p>Flera av Apples digitala plattformar n\u00e5dde sina h\u00f6gsta niv\u00e5er hittills, fr\u00e5n App Store och Apple Pay till Apple TV och Apple Music.<\/p>\n<p>App Store hade i genomsnitt \u00f6ver 850 miljoner anv\u00e4ndare varje vecka, f\u00f6rdelade \u00f6ver 175 l\u00e4nder och regioner. Sedan starten 2008 har utvecklare tillsammans tj\u00e4nat mer \u00e4n 550 miljarder dollar via plattformen, vilket motsvarar cirka 6 050 miljarder kronor. <\/p>\n<p><a href=\"https:\/\/www.apple.com\/newsroom\/2026\/01\/2025-marked-a-record-breaking-year-for-apple-services\/?1768226341\" rel=\"nofollow noopener\" target=\"_blank\">Apple lyfter fram i ett pressmeddelande<\/a> att en stor del av dessa int\u00e4kter g\u00e5r direkt till utvecklarna, ofta utan att Apple tar ut n\u00e5gon provision alls.<\/p>\n<p><img loading=\"lazy\" decoding=\"async\" width=\"1024\" height=\"512\" src=\"https:\/\/www.europesays.com\/se\/wp-content\/uploads\/2026\/01\/1-apple-1024x512.png\" alt=\"Bara lite om hur bra det g\u00e5r. (Foto: Apple)\" class=\"wp-image-1600538\"  \/>Bara lite om hur bra det g\u00e5r. (Foto: Apple)Betaltj\u00e4nsterna v\u00e4xer i betydelse<\/p>\n<p>Apple Pay fortsatte under \u00e5ret att etablera sig som ett vardagsverktyg f\u00f6r b\u00e5de konsumenter och handlare. Enligt Apple har tj\u00e4nsten bidragit till att stoppa bedr\u00e4gerier till ett v\u00e4rde av \u00f6ver 1 miljard dollar, cirka 11 miljarder kronor. <\/p>\n<p>Samtidigt ska Apple Pay ha genererat mer \u00e4n 100 miljarder dollar i \u00f6kad f\u00f6rs\u00e4ljning globalt, motsvarande omkring 1 100 miljarder kronor.<\/p>\n<p>Under \u00e5rets mest intensiva shoppingperiod, i november och december, \u00f6kade k\u00f6p via Apple Pay snabbare \u00e4n den totala konsumtionen. <\/p>\n<p>Tj\u00e4nsten \u00e4r nu tillg\u00e4nglig i 89 marknader och samarbetar med fler \u00e4n 11 000 banker och betaln\u00e4tverk v\u00e4rlden \u00f6ver.<\/p>\n","protected":false},"excerpt":{"rendered":"2025 blev ett viktigt \u00e5r f\u00f6r Apple. Bolagets tj\u00e4nsteverksamhet utvecklades starkt, b\u00e5de n\u00e4r det g\u00e4ller anv\u00e4ndning och ekonomisk&hellip;\n","protected":false},"author":2,"featured_media":133785,"comment_status":"","ping_status":"","sticky":false,"template":"","format":"standard","meta":{"footnotes":""},"categories":[66],"tags":[9808,391,13577,13578,13579,13580,605,80,78,79,34,31,33,32,30,81,84,83,82],"class_list":{"0":"post-133784","1":"post","2":"type-post","3":"status-publish","4":"format-standard","5":"has-post-thumbnail","7":"category-vetenskap-och-teknik","8":"tag-appar","9":"tag-apple","10":"tag-apple-card","11":"tag-apple-carplay","12":"tag-apple-music","13":"tag-apple-tv","14":"tag-apple-watch","15":"tag-science","16":"tag-science-and-technology","17":"tag-scienceandtechnology","18":"tag-se","19":"tag-svenska","20":"tag-sverige","21":"tag-sweden","22":"tag-swedish","23":"tag-technology","24":"tag-teknik","25":"tag-vetenskap","26":"tag-vetenskapteknik"},"share_on_mastodon":{"url":"https:\/\/pubeurope.com\/@se\/115884715077201785","error":""},"_links":{"self":[{"href":"https:\/\/www.europesays.com\/se\/wp-json\/wp\/v2\/posts\/133784","targetHints":{"allow":["GET"]}}],"collection":[{"href":"https:\/\/www.europesays.com\/se\/wp-json\/wp\/v2\/posts"}],"about":[{"href":"https:\/\/www.europesays.com\/se\/wp-json\/wp\/v2\/types\/post"}],"author":[{"embeddable":true,"href":"https:\/\/www.europesays.com\/se\/wp-json\/wp\/v2\/users\/2"}],"replies":[{"embeddable":true,"href":"https:\/\/www.europesays.com\/se\/wp-json\/wp\/v2\/comments?post=133784"}],"version-history":[{"count":0,"href":"https:\/\/www.europesays.com\/se\/wp-json\/wp\/v2\/posts\/133784\/revisions"}],"wp:featuredmedia":[{"embeddable":true,"href":"https:\/\/www.europesays.com\/se\/wp-json\/wp\/v2\/media\/133785"}],"wp:attachment":[{"href":"https:\/\/www.europesays.com\/se\/wp-json\/wp\/v2\/media?parent=133784"}],"wp:term":[{"taxonomy":"category","embeddable":true,"href":"https:\/\/www.europesays.com\/se\/wp-json\/wp\/v2\/categories?post=133784"},{"taxonomy":"post_tag","embeddable":true,"href":"https:\/\/www.europesays.com\/se\/wp-json\/wp\/v2\/tags?post=133784"}],"curies":[{"name":"wp","href":"https:\/\/api.w.org\/{rel}","templated":true}]}}