{"id":133795,"date":"2026-01-12T23:43:12","date_gmt":"2026-01-12T23:43:12","guid":{"rendered":"https:\/\/www.europesays.com\/se\/133795\/"},"modified":"2026-01-12T23:43:12","modified_gmt":"2026-01-12T23:43:12","slug":"kurdiska-styrkor-har-lamnat-aleppo-efter-striderna","status":"publish","type":"post","link":"https:\/\/www.europesays.com\/se\/133795\/","title":{"rendered":"Kurdiska styrkor har l\u00e4mnat Aleppo efter striderna"},"content":{"rendered":"<p>Kurdiska SDF har l\u00e4mnat Aleppo efter ett avtal om vapenvila med Syriens regering, rapporterar BBC.<\/p>\n<p>Strider mellan SDF och regeringsstyrkor br\u00f6t ut tidigare i veckan. Under l\u00f6rdagen kom flera, ofta mots\u00e4gelsefulla, besked om en vapenvila.<\/p>\n<p>SDF har anklagat milit\u00e4ren f\u00f6r att f\u00f6rs\u00f6ka f\u00f6rdriva kurder ur omr\u00e5det Sheikh Maqsoud. Regeringen menar att de bara besvarat attacker fr\u00e5n v\u00e4pnade grupper i omr\u00e5det.<\/p>\n<p>Omni \u00e4r politiskt obundna och oberoende. Vi str\u00e4var efter att ge fler perspektiv p\u00e5 nyheterna. Har du fr\u00e5gor eller synpunkter kring v\u00e5r rapportering? <a href=\"https:\/\/omni.se\/kurdiska-styrkor-har-lamnat-aleppo-efter-striderna\/a\/mailto:redaktion@omni.se\" class=\"ArticleActions_contactLink__W2F1M\" rel=\"nofollow noopener\" target=\"_blank\">Kontakta redaktionen<\/a><\/p>\n","protected":false},"excerpt":{"rendered":"Kurdiska SDF har l\u00e4mnat Aleppo efter ett avtal om vapenvila med Syriens regering, rapporterar BBC. Strider mellan SDF&hellip;\n","protected":false},"author":2,"featured_media":133796,"comment_status":"","ping_status":"","sticky":false,"template":"","format":"standard","meta":{"footnotes":""},"categories":[14],"tags":[22,23,26,27,17,21,24,25,28,29,124,15,16,18,34,31,33,32,30,4251,4252,19,20,51,52,53,54],"class_list":{"0":"post-133795","1":"post","2":"type-post","3":"status-publish","4":"format-standard","5":"has-post-thumbnail","7":"category-varlden","8":"tag-breaking-news","9":"tag-breakingnews","10":"tag-featured-news","11":"tag-featurednews","12":"tag-headlines","13":"tag-huvudnyheter","14":"tag-latest-news","15":"tag-latestnews","16":"tag-main-news","17":"tag-mainnews","18":"tag-mellanostern","19":"tag-news","20":"tag-nyheter","21":"tag-rubriker","22":"tag-se","23":"tag-svenska","24":"tag-sverige","25":"tag-sweden","26":"tag-swedish","27":"tag-syrien","28":"tag-syrienkriget","29":"tag-top-stories","30":"tag-topstories","31":"tag-varlden","32":"tag-world","33":"tag-world-news","34":"tag-worldnews"},"share_on_mastodon":{"url":"https:\/\/pubeurope.com\/@se\/115884785808158969","error":""},"_links":{"self":[{"href":"https:\/\/www.europesays.com\/se\/wp-json\/wp\/v2\/posts\/133795","targetHints":{"allow":["GET"]}}],"collection":[{"href":"https:\/\/www.europesays.com\/se\/wp-json\/wp\/v2\/posts"}],"about":[{"href":"https:\/\/www.europesays.com\/se\/wp-json\/wp\/v2\/types\/post"}],"author":[{"embeddable":true,"href":"https:\/\/www.europesays.com\/se\/wp-json\/wp\/v2\/users\/2"}],"replies":[{"embeddable":true,"href":"https:\/\/www.europesays.com\/se\/wp-json\/wp\/v2\/comments?post=133795"}],"version-history":[{"count":0,"href":"https:\/\/www.europesays.com\/se\/wp-json\/wp\/v2\/posts\/133795\/revisions"}],"wp:featuredmedia":[{"embeddable":true,"href":"https:\/\/www.europesays.com\/se\/wp-json\/wp\/v2\/media\/133796"}],"wp:attachment":[{"href":"https:\/\/www.europesays.com\/se\/wp-json\/wp\/v2\/media?parent=133795"}],"wp:term":[{"taxonomy":"category","embeddable":true,"href":"https:\/\/www.europesays.com\/se\/wp-json\/wp\/v2\/categories?post=133795"},{"taxonomy":"post_tag","embeddable":true,"href":"https:\/\/www.europesays.com\/se\/wp-json\/wp\/v2\/tags?post=133795"}],"curies":[{"name":"wp","href":"https:\/\/api.w.org\/{rel}","templated":true}]}}