{"id":133810,"date":"2026-01-13T00:48:16","date_gmt":"2026-01-13T00:48:16","guid":{"rendered":"https:\/\/www.europesays.com\/se\/133810\/"},"modified":"2026-01-13T00:48:16","modified_gmt":"2026-01-13T00:48:16","slug":"elev-allvarligt-skadad-pa-skola-i-hassela","status":"publish","type":"post","link":"https:\/\/www.europesays.com\/se\/133810\/","title":{"rendered":"Elev allvarligt skadad p\u00e5 skola i Hassela"},"content":{"rendered":"<p>Det var under m\u00e5ndagsf\u00f6rmiddagen som en sn\u00f6grotta kollapsade p\u00e5 en grundskoleelev i Hassela. <\/p>\n<p>Eleven v\u00e5rdas fortfarande p\u00e5 sjukhus efter hj\u00e4rt- och lungr\u00e4ddning p\u00e5 plats. <\/p>\n<p>\u201dDet h\u00e4r \u00e4r en oerh\u00f6rt sorglig h\u00e4ndelse som vi alla \u2013 elever och medarbetare \u2013 beh\u00f6ver bearbeta. Elevh\u00e4lsan med kurator kommer d\u00e4rf\u00f6r att finnas p\u00e5 plats och vi f\u00f6rst\u00e4rker med vikarier f\u00f6r att st\u00f6tta alla som vill prata och bearbeta h\u00e4ndelsen\u201d skriver utbildningschef Ulrika Segervald.<\/p>\n<p>Flera barn blev vittnen till h\u00e4ndelsen och skolan har nu aktiverat sitt krisst\u00f6d. H\u00e4ndelsen ska utredas b\u00e5de internt och av polis. <\/p>\n","protected":false},"excerpt":{"rendered":"Det var under m\u00e5ndagsf\u00f6rmiddagen som en sn\u00f6grotta kollapsade p\u00e5 en grundskoleelev i Hassela. Eleven v\u00e5rdas fortfarande p\u00e5 sjukhus&hellip;\n","protected":false},"author":2,"featured_media":793,"comment_status":"","ping_status":"","sticky":false,"template":"","format":"standard","meta":{"footnotes":""},"categories":[12],"tags":[22,23,26,27,17,21,24,25,28,29,15,16,18,34,31,33,32,30,19,20],"class_list":{"0":"post-133810","1":"post","2":"type-post","3":"status-publish","4":"format-standard","5":"has-post-thumbnail","7":"category-sverige","8":"tag-breaking-news","9":"tag-breakingnews","10":"tag-featured-news","11":"tag-featurednews","12":"tag-headlines","13":"tag-huvudnyheter","14":"tag-latest-news","15":"tag-latestnews","16":"tag-main-news","17":"tag-mainnews","18":"tag-news","19":"tag-nyheter","20":"tag-rubriker","21":"tag-se","22":"tag-svenska","23":"tag-sverige","24":"tag-sweden","25":"tag-swedish","26":"tag-top-stories","27":"tag-topstories"},"share_on_mastodon":{"url":"https:\/\/pubeurope.com\/@se\/115885041402874394","error":""},"_links":{"self":[{"href":"https:\/\/www.europesays.com\/se\/wp-json\/wp\/v2\/posts\/133810","targetHints":{"allow":["GET"]}}],"collection":[{"href":"https:\/\/www.europesays.com\/se\/wp-json\/wp\/v2\/posts"}],"about":[{"href":"https:\/\/www.europesays.com\/se\/wp-json\/wp\/v2\/types\/post"}],"author":[{"embeddable":true,"href":"https:\/\/www.europesays.com\/se\/wp-json\/wp\/v2\/users\/2"}],"replies":[{"embeddable":true,"href":"https:\/\/www.europesays.com\/se\/wp-json\/wp\/v2\/comments?post=133810"}],"version-history":[{"count":0,"href":"https:\/\/www.europesays.com\/se\/wp-json\/wp\/v2\/posts\/133810\/revisions"}],"wp:featuredmedia":[{"embeddable":true,"href":"https:\/\/www.europesays.com\/se\/wp-json\/wp\/v2\/media\/793"}],"wp:attachment":[{"href":"https:\/\/www.europesays.com\/se\/wp-json\/wp\/v2\/media?parent=133810"}],"wp:term":[{"taxonomy":"category","embeddable":true,"href":"https:\/\/www.europesays.com\/se\/wp-json\/wp\/v2\/categories?post=133810"},{"taxonomy":"post_tag","embeddable":true,"href":"https:\/\/www.europesays.com\/se\/wp-json\/wp\/v2\/tags?post=133810"}],"curies":[{"name":"wp","href":"https:\/\/api.w.org\/{rel}","templated":true}]}}