{"id":133811,"date":"2026-01-13T00:56:18","date_gmt":"2026-01-13T00:56:18","guid":{"rendered":"https:\/\/www.europesays.com\/se\/133811\/"},"modified":"2026-01-13T00:56:18","modified_gmt":"2026-01-13T00:56:18","slug":"sveriges-museer-om-betankandet-en-kulturkanon-for-sverige","status":"publish","type":"post","link":"https:\/\/www.europesays.com\/se\/133811\/","title":{"rendered":"Sveriges Museer om bet\u00e4nkandet En kulturkanon f\u00f6r Sverige"},"content":{"rendered":"<p data-start=\"121\" data-end=\"393\"><img class=\"alignnone size-medium wp-image-16383 gt-image\" fetchpriority=\"high\" decoding=\"async\" src=\"https:\/\/www.europesays.com\/se\/wp-content\/uploads\/2026\/01\/presentationsbilder-fran-presstraff-den-2-september-2025-om-en-kulturkanon-for-sverige-page-1-720x40.jpeg\" alt=\"presentationsbilder-fran-presstraff-den-2-september-2025-om-en-kulturkanon-for-sverige_Page_1\" width=\"720\" height=\"405\"\/><\/p>\n<p data-start=\"121\" data-end=\"393\">Sveriges Museer ser positivt p\u00e5 den nya kulturkanonen och p\u00e5 att kultur och kulturarv f\u00e5tt \u00f6kad politisk och offentlig uppm\u00e4rksamhet. Den breda sammans\u00e4ttningen av verk och uttryck kan fungera som en inspirationsk\u00e4lla och en d\u00f6rr\u00f6ppnare f\u00f6r f\u00f6rdjupning i museernas arbete.<\/p>\n<p data-start=\"395\" data-end=\"817\">Samtidigt riktar Sveriges Museer kritik mot hur kommitt\u00e9n f\u00f6resl\u00e5r att kulturkanonen ska f\u00f6rvaltas och implementeras. En nationell struktur riskerar att \u00f6verlappa och styra museernas egna professionella kanonarbete, vilket kan hota principen om arml\u00e4ngds avst\u00e5nd. Sveriges Museer varnar ocks\u00e5 f\u00f6r att f\u00f6reslagen finansiering, bland annat via Allm\u00e4nna arvsfonden, kan leda till att viktiga kulturmedel flyttas fr\u00e5n museerna.<\/p>\n<p data-start=\"819\" data-end=\"1019\" data-is-last-node=\"\" data-is-only-node=\"\">Vi understryker att politikens roll b\u00f6r vara att skapa goda f\u00f6ruts\u00e4ttningar f\u00f6r museerna genom l\u00e5ngsiktig finansiering och respekt f\u00f6r det professionella oberoendet \u2013 inte att styra inneh\u00e5llet.<\/p>\n<p>L\u00e4s hela remissvaret <a href=\"https:\/\/www.regeringen.se\/contentassets\/925dc25687734a3d9233e43783cb5617\/riksforbundet-sveriges-museer.pdf\" target=\"_blank\" rel=\"noopener nofollow\">h\u00e4r&gt;&gt;<\/a>.<\/p>\n","protected":false},"excerpt":{"rendered":"Sveriges Museer ser positivt p\u00e5 den nya kulturkanonen och p\u00e5 att kultur och kulturarv f\u00e5tt \u00f6kad politisk och&hellip;\n","protected":false},"author":2,"featured_media":133812,"comment_status":"","ping_status":"","sticky":false,"template":"","format":"standard","meta":{"footnotes":""},"categories":[12],"tags":[22,23,26,27,17,21,24,25,28,29,15,16,18,34,31,33,32,30,19,20],"class_list":{"0":"post-133811","1":"post","2":"type-post","3":"status-publish","4":"format-standard","5":"has-post-thumbnail","7":"category-sverige","8":"tag-breaking-news","9":"tag-breakingnews","10":"tag-featured-news","11":"tag-featurednews","12":"tag-headlines","13":"tag-huvudnyheter","14":"tag-latest-news","15":"tag-latestnews","16":"tag-main-news","17":"tag-mainnews","18":"tag-news","19":"tag-nyheter","20":"tag-rubriker","21":"tag-se","22":"tag-svenska","23":"tag-sverige","24":"tag-sweden","25":"tag-swedish","26":"tag-top-stories","27":"tag-topstories"},"share_on_mastodon":{"url":"https:\/\/pubeurope.com\/@se\/115885072896574891","error":""},"_links":{"self":[{"href":"https:\/\/www.europesays.com\/se\/wp-json\/wp\/v2\/posts\/133811","targetHints":{"allow":["GET"]}}],"collection":[{"href":"https:\/\/www.europesays.com\/se\/wp-json\/wp\/v2\/posts"}],"about":[{"href":"https:\/\/www.europesays.com\/se\/wp-json\/wp\/v2\/types\/post"}],"author":[{"embeddable":true,"href":"https:\/\/www.europesays.com\/se\/wp-json\/wp\/v2\/users\/2"}],"replies":[{"embeddable":true,"href":"https:\/\/www.europesays.com\/se\/wp-json\/wp\/v2\/comments?post=133811"}],"version-history":[{"count":0,"href":"https:\/\/www.europesays.com\/se\/wp-json\/wp\/v2\/posts\/133811\/revisions"}],"wp:featuredmedia":[{"embeddable":true,"href":"https:\/\/www.europesays.com\/se\/wp-json\/wp\/v2\/media\/133812"}],"wp:attachment":[{"href":"https:\/\/www.europesays.com\/se\/wp-json\/wp\/v2\/media?parent=133811"}],"wp:term":[{"taxonomy":"category","embeddable":true,"href":"https:\/\/www.europesays.com\/se\/wp-json\/wp\/v2\/categories?post=133811"},{"taxonomy":"post_tag","embeddable":true,"href":"https:\/\/www.europesays.com\/se\/wp-json\/wp\/v2\/tags?post=133811"}],"curies":[{"name":"wp","href":"https:\/\/api.w.org\/{rel}","templated":true}]}}