{"id":133815,"date":"2026-01-13T01:04:17","date_gmt":"2026-01-13T01:04:17","guid":{"rendered":"https:\/\/www.europesays.com\/se\/133815\/"},"modified":"2026-01-13T01:04:17","modified_gmt":"2026-01-13T01:04:17","slug":"lex-maria-fordrojd-diagnos-av-prostatacancer","status":"publish","type":"post","link":"https:\/\/www.europesays.com\/se\/133815\/","title":{"rendered":"Lex Maria: F\u00f6rdr\u00f6jd diagnos av prostatacancer"},"content":{"rendered":"<p>\n          Pressmeddelande &#8211;<br \/>\n12 Januari 2026 10:00<\/p>\n<p>    Dela<\/p>\n<p>\n          L\u00e4nk kopierad!\n        <\/p>\n<p>          <a class=\"ghost-btn-with-icon svg-stroke\" rel=\"nofollow noopener\" aria-label=\"Ladda ned som PDF\" href=\"https:\/\/www.mynewsdesk.com\/se\/regionvasterbotten\/pressreleases\/lex-maria-foerdroejd-diagnos-av-prostatacancer-3424145.pdf\" target=\"_blank\"><\/p>\n<p>            Ladda ner<br \/>\n<\/a>      <\/p>\n<p><strong>Diagnos av en patient med prostatacancer f\u00f6rdr\u00f6jdes med tio m\u00e5nader p\u00e5 grund av att remissen skickades fel.<\/strong><\/p>\n<p>En patient s\u00f6kte v\u00e5rd p\u00e5 grund av urinv\u00e4gsbesv\u00e4r. Patienten uppgav att det fanns \u00e4rftlighet f\u00f6r prostatacancer och en utredning p\u00e5b\u00f6rjades. Tio m\u00e5nader senare s\u00f6kte patienten v\u00e5rd igen f\u00f6r samma besv\u00e4r. D\u00e5 uppm\u00e4rksammades att utredningen inte fullf\u00f6ljts p\u00e5 grund av att remissen skickats fel.<\/p>\n<p>F\u00f6rdr\u00f6jningen har i det h\u00e4r fallet inte p\u00e5verkat patientens prognos eller behandling, men hade kunnat g\u00f6ra det. H\u00e4ndelsen anm\u00e4ls d\u00e4rf\u00f6r som risk f\u00f6r allvarlig v\u00e5rdskada.<\/p>\n<p>Region V\u00e4sterbotten har utrett fallet och tagit fram \u00e5tg\u00e4rder f\u00f6r att minska risken f\u00f6r upprepning. D\u00e4refter har \u00e4rendet anm\u00e4lts till Inspektionen f\u00f6r v\u00e5rd och omsorg f\u00f6r granskning enligt lex Maria.<\/p>\n<p>Lex Maria \u00e4r en lag som inneb\u00e4r vissa skyldigheter f\u00f6r regionen som v\u00e5rdgivare. Om en patient i h\u00e4lso- och sjukv\u00e5rden drabbas av eller riskerar allvarlig skada eller sjukdom ska detta anm\u00e4las till Inspektionen f\u00f6r v\u00e5rd och omsorg. Syftet med lagen \u00e4r att garantera s\u00e4ker v\u00e5rd och god kvalitet. Ett s\u00e4tt att st\u00e4rka v\u00e5rden \u00e4r att l\u00e4ra av de misstag som g\u00f6rs.<\/p>\n<p>H\u00e4ndelser som leder till anm\u00e4lan har ocks\u00e5 ett allm\u00e4nintresse. D\u00e4rf\u00f6r skickar Region V\u00e4sterbotten ocks\u00e5 ut ett pressmeddelande i samband med anm\u00e4lan.<\/p>\n<p><strong>Mer information<br \/><\/strong>Sonia Sundqvist<br \/>Chefl\u00e4kare<br \/>Region V\u00e4sterbotten<br \/>0910-77 18 29, 070-295 23 88<\/p>\n<p><strong>Presskontakt<br \/><\/strong>Petra Olgarsson<br \/>Kommunikationsstaben<br \/>Region V\u00e4sterbotten<br \/>073-091 48 87<br \/><a href=\"https:\/\/www.mynewsdesk.com\/se\/regionvasterbotten\/pressreleases\/mailto:petra.olgarsson@regionvasterbotten.se\" rel=\"nofollow noopener\" target=\"_blank\">petra.olgarsson@regionvasterbotten.se<\/a><\/p>\n","protected":false},"excerpt":{"rendered":"Pressmeddelande &#8211; 12 Januari 2026 10:00 Dela L\u00e4nk kopierad! Ladda ner Diagnos av en patient med prostatacancer f\u00f6rdr\u00f6jdes&hellip;\n","protected":false},"author":2,"featured_media":133816,"comment_status":"","ping_status":"","sticky":false,"template":"","format":"standard","meta":{"footnotes":""},"categories":[12],"tags":[22,23,26,27,17,21,24,25,28,29,15,16,18,34,31,33,32,30,19,20],"class_list":{"0":"post-133815","1":"post","2":"type-post","3":"status-publish","4":"format-standard","5":"has-post-thumbnail","7":"category-sverige","8":"tag-breaking-news","9":"tag-breakingnews","10":"tag-featured-news","11":"tag-featurednews","12":"tag-headlines","13":"tag-huvudnyheter","14":"tag-latest-news","15":"tag-latestnews","16":"tag-main-news","17":"tag-mainnews","18":"tag-news","19":"tag-nyheter","20":"tag-rubriker","21":"tag-se","22":"tag-svenska","23":"tag-sverige","24":"tag-sweden","25":"tag-swedish","26":"tag-top-stories","27":"tag-topstories"},"share_on_mastodon":{"url":"https:\/\/pubeurope.com\/@se\/115885104310827012","error":""},"_links":{"self":[{"href":"https:\/\/www.europesays.com\/se\/wp-json\/wp\/v2\/posts\/133815","targetHints":{"allow":["GET"]}}],"collection":[{"href":"https:\/\/www.europesays.com\/se\/wp-json\/wp\/v2\/posts"}],"about":[{"href":"https:\/\/www.europesays.com\/se\/wp-json\/wp\/v2\/types\/post"}],"author":[{"embeddable":true,"href":"https:\/\/www.europesays.com\/se\/wp-json\/wp\/v2\/users\/2"}],"replies":[{"embeddable":true,"href":"https:\/\/www.europesays.com\/se\/wp-json\/wp\/v2\/comments?post=133815"}],"version-history":[{"count":0,"href":"https:\/\/www.europesays.com\/se\/wp-json\/wp\/v2\/posts\/133815\/revisions"}],"wp:featuredmedia":[{"embeddable":true,"href":"https:\/\/www.europesays.com\/se\/wp-json\/wp\/v2\/media\/133816"}],"wp:attachment":[{"href":"https:\/\/www.europesays.com\/se\/wp-json\/wp\/v2\/media?parent=133815"}],"wp:term":[{"taxonomy":"category","embeddable":true,"href":"https:\/\/www.europesays.com\/se\/wp-json\/wp\/v2\/categories?post=133815"},{"taxonomy":"post_tag","embeddable":true,"href":"https:\/\/www.europesays.com\/se\/wp-json\/wp\/v2\/tags?post=133815"}],"curies":[{"name":"wp","href":"https:\/\/api.w.org\/{rel}","templated":true}]}}