{"id":133817,"date":"2026-01-13T01:12:26","date_gmt":"2026-01-13T01:12:26","guid":{"rendered":"https:\/\/www.europesays.com\/se\/133817\/"},"modified":"2026-01-13T01:12:26","modified_gmt":"2026-01-13T01:12:26","slug":"egyptengripen-haktad-i-orebro","status":"publish","type":"post","link":"https:\/\/www.europesays.com\/se\/133817\/","title":{"rendered":"Egyptengripen h\u00e4ktad i \u00d6rebro"},"content":{"rendered":"<p class=\"boxtextgrotesk-root_baa6 hyperion-css-7pajle\">Publicerad 2026-01-11 12.35<\/p>\n<p>share-arrowDela<\/p>\n<p>unsaveSpara<\/p>\n<p>expand-left<\/p>\n<p>helsk\u00e4rm<img decoding=\"async\" class=\"image-asset hyperion-css-u06ts1\" data-test-tag=\"image-asset\" src=\"https:\/\/www.europesays.com\/se\/wp-content\/uploads\/2026\/01\/f9a6e4f3-dc0a-42a6-b501-f39153239fe7.jpeg\"  alt=\"En 23-\u00e5rig man har h\u00e4ktats av \u00d6rebro tingsr\u00e4tt misst\u00e4nkt f\u00f6r bland annat anstiftan till mord. Arkivbild.\"  loading=\"eager\" fetchpriority=\"high\" style=\"aspect-ratio:1900 \/ 1267\"\/>En 23-\u00e5rig man har h\u00e4ktats av \u00d6rebro tingsr\u00e4tt misst\u00e4nkt f\u00f6r bland annat anstiftan till mord. Arkivbild. Foto: Jessica Gow\/TT<\/p>\n<p class=\"hyperion-css-1shl3oz\" data-test-tag=\"lead-text\">Den 23-\u00e5rige man som greps i Egypten f\u00f6rra veckan och f\u00f6rdes till Sverige har h\u00e4ktats av \u00d6rebro tingsr\u00e4tt p\u00e5 sannolika sk\u00e4l misst\u00e4nkt f\u00f6r anstiftan till mord och tv\u00e5 fall av grov misshandel, rapporterar NA.<\/p>\n<p class=\"hyperion-css-1v9qo5x\">Enligt tidningen g\u00e4ller misstankarna om mordanstiftan en man som sk\u00f6ts till d\u00f6ds vid mosk\u00e9n i Vivalla i \u00d6rebro 2024.<\/p>\n<p class=\"hyperion-css-1v9qo5x\">23-\u00e5ringen nekar till att ha anstiftat mord och \u00e4ven till ett fall av grov misshandel. Han erk\u00e4nner dock ett annat fall av grov misshandel.<\/p>\n","protected":false},"excerpt":{"rendered":"Publicerad 2026-01-11 12.35 share-arrowDela unsaveSpara expand-left helsk\u00e4rmEn 23-\u00e5rig man har h\u00e4ktats av \u00d6rebro tingsr\u00e4tt misst\u00e4nkt f\u00f6r bland annat&hellip;\n","protected":false},"author":2,"featured_media":133818,"comment_status":"","ping_status":"","sticky":false,"template":"","format":"standard","meta":{"footnotes":""},"categories":[12],"tags":[22,23,26,27,17,21,24,25,28,29,15,16,18,34,31,33,32,30,19,20],"class_list":{"0":"post-133817","1":"post","2":"type-post","3":"status-publish","4":"format-standard","5":"has-post-thumbnail","7":"category-sverige","8":"tag-breaking-news","9":"tag-breakingnews","10":"tag-featured-news","11":"tag-featurednews","12":"tag-headlines","13":"tag-huvudnyheter","14":"tag-latest-news","15":"tag-latestnews","16":"tag-main-news","17":"tag-mainnews","18":"tag-news","19":"tag-nyheter","20":"tag-rubriker","21":"tag-se","22":"tag-svenska","23":"tag-sverige","24":"tag-sweden","25":"tag-swedish","26":"tag-top-stories","27":"tag-topstories"},"share_on_mastodon":{"url":"https:\/\/pubeurope.com\/@se\/115885135787933250","error":""},"_links":{"self":[{"href":"https:\/\/www.europesays.com\/se\/wp-json\/wp\/v2\/posts\/133817","targetHints":{"allow":["GET"]}}],"collection":[{"href":"https:\/\/www.europesays.com\/se\/wp-json\/wp\/v2\/posts"}],"about":[{"href":"https:\/\/www.europesays.com\/se\/wp-json\/wp\/v2\/types\/post"}],"author":[{"embeddable":true,"href":"https:\/\/www.europesays.com\/se\/wp-json\/wp\/v2\/users\/2"}],"replies":[{"embeddable":true,"href":"https:\/\/www.europesays.com\/se\/wp-json\/wp\/v2\/comments?post=133817"}],"version-history":[{"count":0,"href":"https:\/\/www.europesays.com\/se\/wp-json\/wp\/v2\/posts\/133817\/revisions"}],"wp:featuredmedia":[{"embeddable":true,"href":"https:\/\/www.europesays.com\/se\/wp-json\/wp\/v2\/media\/133818"}],"wp:attachment":[{"href":"https:\/\/www.europesays.com\/se\/wp-json\/wp\/v2\/media?parent=133817"}],"wp:term":[{"taxonomy":"category","embeddable":true,"href":"https:\/\/www.europesays.com\/se\/wp-json\/wp\/v2\/categories?post=133817"},{"taxonomy":"post_tag","embeddable":true,"href":"https:\/\/www.europesays.com\/se\/wp-json\/wp\/v2\/tags?post=133817"}],"curies":[{"name":"wp","href":"https:\/\/api.w.org\/{rel}","templated":true}]}}