{"id":133820,"date":"2026-01-13T02:25:28","date_gmt":"2026-01-13T02:25:28","guid":{"rendered":"https:\/\/www.europesays.com\/se\/133820\/"},"modified":"2026-01-13T02:25:28","modified_gmt":"2026-01-13T02:25:28","slug":"trumps-plan-for-iran-oro-i-vita-huset-for-kaos-aftonbladet","status":"publish","type":"post","link":"https:\/\/www.europesays.com\/se\/133820\/","title":{"rendered":"Trumps plan f\u00f6r Iran \u2013 oro i Vita huset f\u00f6r kaos &#8211; Aftonbladet"},"content":{"rendered":"<ol>\n<li><a href=\"https:\/\/news.google.com\/rss\/articles\/CBMilAFBVV95cUxOUlNLb1l4UkdWOVQtenF3cVRqUjNSVnBjOXhtdGVoQWhmamh1SFhYdzBlWUlGend6cFJjTjJraGNjV2J2VHkyNkZMeTcyOHVwODBFaUJsdjExR283R1U1c0JNdGpMSUtjeDRsblBLM3F0em0xcGdoQkFqZ25ucXZRcVhjZUhGcXQ1cFBnVjdaZlNGU0Jv?oc=5\" target=\"_blank\" rel=\"nofollow noopener\">Trumps plan f\u00f6r Iran \u2013 oro i Vita huset f\u00f6r kaos<\/a>&nbsp;&nbsp;Aftonbladet<\/li>\n<li><a href=\"https:\/\/news.google.com\/rss\/articles\/CBMisAFBVV95cUxQZFJCOFhIWW12am1nZ2VBTWVvS2Z6Q0dyX0NObE9LM0lqVnhjcERUdlhwNHRQRGpmWG5iTGFDTkpldU83MWlreU9CVjA2MldsRFJCVTZlUjZFd0E3R3d1TE9uQ2dKdVBqVzdhSVlRbFdQeWlHbmpPM0x2dHJQX0tGdk1TQ2FUcC1IUmlaUF9ZUnNVanRHUzdiV00wU0NRNkVHWmxOdjkxRjRKWUp3R0J6Zw?oc=5\" target=\"_blank\" rel=\"nofollow noopener\">Uppgifter: Trump lutar \u00e5t attack mot Iran<\/a>&nbsp;&nbsp;Aftonbladet<\/li>\n<li><a href=\"https:\/\/news.google.com\/rss\/articles\/CBMiiwFBVV95cUxNNXRFVTltLXdBc1dUNDBITTkxSEF1dl9xd0daYW5lS2U1VTRKb091am5PcUNOZTZYSGNrcUY2enhIQy1nTlJaOFVrcXVTMXJ4UWsxZlBLR1VzOVZCRUZpMG1NX0hoM3JzQldnU0s4ejJ2ekFvNDl1X1ByNDUwYV9WWVVXSklxUnBNZExJ?oc=5\" target=\"_blank\" rel=\"nofollow noopener\">Notan har anl\u00e4nt f\u00f6r Irans ledare &#8211; historiens pris f\u00f6r f\u00f6rlorade krig \u00e4r h\u00f6gt<\/a>&nbsp;&nbsp;Expressen<\/li>\n<li><a href=\"https:\/\/news.google.com\/rss\/articles\/CBMikgFBVV95cUxNQklqX0VvQkUwNy05dEZhdk9NRFREVnNnU3NpVGgxdVJhOXpmSzJlTWFsb2Zua0taRXVXNGpuTllwd0tVM2dpQUItZk9EOFJGMkhXaDlxTFhLZWxHVE5RT1daMFhxNUkyVXMzTGpES19abHluZXE4M3dLLXFOMnliSExGTllXUWw5QXVyMDhEYjZOQQ?oc=5\" target=\"_blank\" rel=\"nofollow noopener\">Amnesty om protesterna i Iran: Anv\u00e4nder jaktammunition<\/a>&nbsp;&nbsp;SVT Nyheter<\/li>\n<li><a href=\"https:\/\/news.google.com\/rss\/articles\/CBMicEFVX3lxTFBXYlhuV2pnTEpTUm1JNURoYkFCd25wTkt5aXFXd3hRUHZlRS12d3hON3BuWTIzVnFPRTZ5Tnowcng0czg1d3BXTXkxYWVjWlVKam8tY096VmF0ZjVtTTB6VlNzam1tMmpNMWVEOGRRUWY?oc=5\" target=\"_blank\" rel=\"nofollow noopener\">Trumps alternativ i Iran \u2013 \u00f6verv\u00e4ger angrepp<\/a>&nbsp;&nbsp;SvD<\/li>\n<\/ol>\n","protected":false},"excerpt":{"rendered":"Trumps plan f\u00f6r Iran \u2013 oro i Vita huset f\u00f6r kaos&nbsp;&nbsp;Aftonbladet Uppgifter: Trump lutar \u00e5t attack mot Iran&nbsp;&nbsp;Aftonbladet&hellip;\n","protected":false},"author":2,"featured_media":133821,"comment_status":"","ping_status":"","sticky":false,"template":"","format":"standard","meta":{"footnotes":""},"categories":[5],"tags":[22,23,26,27,17,21,24,25,28,29,15,16,18,34,31,33,32,30,19,20],"class_list":{"0":"post-133820","1":"post","2":"type-post","3":"status-publish","4":"format-standard","5":"has-post-thumbnail","7":"category-rubriker","8":"tag-breaking-news","9":"tag-breakingnews","10":"tag-featured-news","11":"tag-featurednews","12":"tag-headlines","13":"tag-huvudnyheter","14":"tag-latest-news","15":"tag-latestnews","16":"tag-main-news","17":"tag-mainnews","18":"tag-news","19":"tag-nyheter","20":"tag-rubriker","21":"tag-se","22":"tag-svenska","23":"tag-sverige","24":"tag-sweden","25":"tag-swedish","26":"tag-top-stories","27":"tag-topstories"},"share_on_mastodon":{"url":"https:\/\/pubeurope.com\/@se\/115885422856637368","error":""},"_links":{"self":[{"href":"https:\/\/www.europesays.com\/se\/wp-json\/wp\/v2\/posts\/133820","targetHints":{"allow":["GET"]}}],"collection":[{"href":"https:\/\/www.europesays.com\/se\/wp-json\/wp\/v2\/posts"}],"about":[{"href":"https:\/\/www.europesays.com\/se\/wp-json\/wp\/v2\/types\/post"}],"author":[{"embeddable":true,"href":"https:\/\/www.europesays.com\/se\/wp-json\/wp\/v2\/users\/2"}],"replies":[{"embeddable":true,"href":"https:\/\/www.europesays.com\/se\/wp-json\/wp\/v2\/comments?post=133820"}],"version-history":[{"count":0,"href":"https:\/\/www.europesays.com\/se\/wp-json\/wp\/v2\/posts\/133820\/revisions"}],"wp:featuredmedia":[{"embeddable":true,"href":"https:\/\/www.europesays.com\/se\/wp-json\/wp\/v2\/media\/133821"}],"wp:attachment":[{"href":"https:\/\/www.europesays.com\/se\/wp-json\/wp\/v2\/media?parent=133820"}],"wp:term":[{"taxonomy":"category","embeddable":true,"href":"https:\/\/www.europesays.com\/se\/wp-json\/wp\/v2\/categories?post=133820"},{"taxonomy":"post_tag","embeddable":true,"href":"https:\/\/www.europesays.com\/se\/wp-json\/wp\/v2\/tags?post=133820"}],"curies":[{"name":"wp","href":"https:\/\/api.w.org\/{rel}","templated":true}]}}