{"id":133823,"date":"2026-01-13T02:47:12","date_gmt":"2026-01-13T02:47:12","guid":{"rendered":"https:\/\/www.europesays.com\/se\/133823\/"},"modified":"2026-01-13T02:47:12","modified_gmt":"2026-01-13T02:47:12","slug":"maria-corina-machado-hufvudstadsbladet","status":"publish","type":"post","link":"https:\/\/www.europesays.com\/se\/133823\/","title":{"rendered":"Mar\u00eda Corina Machado \u2013 Hufvudstadsbladet"},"content":{"rendered":"<p>P\u00e5 bilder syns p\u00e5ven och <strong>Mar\u00eda Corina Machado<\/strong>, mottagare av Nobels fredspris, skaka hand och samtala i p\u00e5vens privata bibliotek.<\/p>\n<p>Bes\u00f6ket tycks ov\u00e4ntat; \u00e5tminstone hade det inte kommunicerats p\u00e5 f\u00f6rhand. Inte heller efter m\u00f6tet delger Vatikanen n\u00e5gra detaljer fr\u00e5n sammantr\u00e4det, skriver flera medier.<\/p>\n<p>Machado tog emot fredspriset i Oslo i december, men efter det har det varit ok\u00e4nt var hon befunnit sig.<\/p>\n<p>Audiensen i Vatikanen sker samma dag som Italiens utrikesminister meddelar att tv\u00e5 italienska medborgare har sl\u00e4ppts fr\u00e5n f\u00e5ngenskap i Venezuela och \u00e4r p\u00e5 v\u00e4g hem.<\/p>\n<p>Sedan i f\u00f6rra veckan har totalt 116 politiska f\u00e5ngar i Venezuela sl\u00e4ppts, uppger venezuelanska myndigheter p\u00e5 m\u00e5ndagen.<\/p>\n","protected":false},"excerpt":{"rendered":"P\u00e5 bilder syns p\u00e5ven och Mar\u00eda Corina Machado, mottagare av Nobels fredspris, skaka hand och samtala i p\u00e5vens&hellip;\n","protected":false},"author":2,"featured_media":133824,"comment_status":"","ping_status":"","sticky":false,"template":"","format":"standard","meta":{"footnotes":""},"categories":[14],"tags":[22,23,26,27,17,21,24,25,28,29,15,16,18,34,31,33,32,30,19,20,51,52,53,54],"class_list":{"0":"post-133823","1":"post","2":"type-post","3":"status-publish","4":"format-standard","5":"has-post-thumbnail","7":"category-varlden","8":"tag-breaking-news","9":"tag-breakingnews","10":"tag-featured-news","11":"tag-featurednews","12":"tag-headlines","13":"tag-huvudnyheter","14":"tag-latest-news","15":"tag-latestnews","16":"tag-main-news","17":"tag-mainnews","18":"tag-news","19":"tag-nyheter","20":"tag-rubriker","21":"tag-se","22":"tag-svenska","23":"tag-sverige","24":"tag-sweden","25":"tag-swedish","26":"tag-top-stories","27":"tag-topstories","28":"tag-varlden","29":"tag-world","30":"tag-world-news","31":"tag-worldnews"},"share_on_mastodon":{"url":"https:\/\/pubeurope.com\/@se\/115885509362502850","error":""},"_links":{"self":[{"href":"https:\/\/www.europesays.com\/se\/wp-json\/wp\/v2\/posts\/133823","targetHints":{"allow":["GET"]}}],"collection":[{"href":"https:\/\/www.europesays.com\/se\/wp-json\/wp\/v2\/posts"}],"about":[{"href":"https:\/\/www.europesays.com\/se\/wp-json\/wp\/v2\/types\/post"}],"author":[{"embeddable":true,"href":"https:\/\/www.europesays.com\/se\/wp-json\/wp\/v2\/users\/2"}],"replies":[{"embeddable":true,"href":"https:\/\/www.europesays.com\/se\/wp-json\/wp\/v2\/comments?post=133823"}],"version-history":[{"count":0,"href":"https:\/\/www.europesays.com\/se\/wp-json\/wp\/v2\/posts\/133823\/revisions"}],"wp:featuredmedia":[{"embeddable":true,"href":"https:\/\/www.europesays.com\/se\/wp-json\/wp\/v2\/media\/133824"}],"wp:attachment":[{"href":"https:\/\/www.europesays.com\/se\/wp-json\/wp\/v2\/media?parent=133823"}],"wp:term":[{"taxonomy":"category","embeddable":true,"href":"https:\/\/www.europesays.com\/se\/wp-json\/wp\/v2\/categories?post=133823"},{"taxonomy":"post_tag","embeddable":true,"href":"https:\/\/www.europesays.com\/se\/wp-json\/wp\/v2\/tags?post=133823"}],"curies":[{"name":"wp","href":"https:\/\/api.w.org\/{rel}","templated":true}]}}