{"id":133831,"date":"2026-01-13T03:35:34","date_gmt":"2026-01-13T03:35:34","guid":{"rendered":"https:\/\/www.europesays.com\/se\/133831\/"},"modified":"2026-01-13T03:35:34","modified_gmt":"2026-01-13T03:35:34","slug":"lyckas-den-tyska-regeringen-att-vanda-det-daliga-stamningslaget","status":"publish","type":"post","link":"https:\/\/www.europesays.com\/se\/133831\/","title":{"rendered":"Lyckas den tyska regeringen att v\u00e4nda det d\u00e5liga st\u00e4mningsl\u00e4get?"},"content":{"rendered":"<p class=\"lead-paragraph\">Tysk ekonomi beh\u00f6ver en tydligare reformtakt \u2013 och det snabbt. Ett \u00e5r efter valet \u00e4r f\u00f6rtroendet f\u00f6r koalitionsregeringen fortsatt svagt, samtidigt som n\u00e4ringslivet efterlyser kraftfullare \u00e5tg\u00e4rder. Klarar regeringen att v\u00e4xla upp innan t\u00e5lamodet tar slut, fr\u00e5gar sig Hubert Fromlet, seniorr\u00e5dgivare p\u00e5 Tysk-Svenska Handelskammaren.<\/p>\n<p>Ett knappt \u00e5r efter valet till f\u00f6rbundsdagen saknas alltj\u00e4mt f\u00f6rtroende till den stora koalitionsregeringen, best\u00e5ende av\u00a0unionspartierna CDU\/CSU och socialdemokraternas SPD. \u00c5tminstone inom CDU\/CSU v\u00e4xer nu insikten att det beh\u00f6vs mer f\u00f6r att f\u00f6rb\u00e4ttra n\u00e4ringslivets bristande framtidstro. Drar socialdemokratin \u00e5t samma h\u00e5ll?<\/p>\n<p>S\u00f6ders trevare<\/p>\n<p>Tysklands ekonomisk-politiska program best\u00e5r hittills framf\u00f6rallt av tv\u00e5 stora stimulanspaket p\u00e5 vardera 500 miljarder euro under de kommande \u00e5ren f\u00f6r satsningar p\u00e5 fr\u00e4mst infrastruktur och ett f\u00f6rst\u00e4rkt f\u00f6rsvar. Dessa 1000 miljarder baserades dock p\u00e5 en grundlags\u00e4ndring\u00a0av den f\u00f6rra\u00a0f\u00f6rbundsdagen &#8211; \u00e4ven med st\u00f6d av milj\u00f6partiet &#8221;De Gr\u00f6na&#8221;. Andra \u00e5tg\u00e4rder som p\u00e5b\u00f6rjades ifjol, s\u00e5som minskad byr\u00e5krati och b\u00e4ttre avskrivningsm\u00f6jligheter samt s\u00e4nkt f\u00f6retagsbeskattning fr\u00e5n 2028, tillh\u00f6r d\u00e4remot de hittills viktigaste ingredienserna i den nya regeringens beslutade ekonomipaket.<\/p>\n<p>Uppenbarligen \u00f6vertygades dock varken det tyska n\u00e4ringslivet eller den internationella analytikerk\u00e5ren av koalitionsregeringens fram till nu beslutade eller planerade konjunkturella och strukturella stimulans\u00e5tg\u00e4rder. I tidigare analyser har jag h\u00e4nvisat till risken att st\u00e4mningsl\u00e4get kanske till och med hade hamnat i en s\u00e4mre dager \u00e4n det otillfredsst\u00e4llande faktiska l\u00e4get.<\/p>\n<p>I november 2025 kommenterade jag detta med bland annat f\u00f6ljande ord om den tyska ekonomiska politiken: \u201dEn omfattande big bang hade givit uttryck f\u00f6r st\u00f6rre beslutsamhet j\u00e4mf\u00f6rt med oregelbundet framplockade beslut fr\u00e5n tid till annan \u2026 \u00c4ven samtidigt lanserade snabbare och mer omfattande s\u00e4nkningar av olika f\u00f6retagsskatter och -avgifter samt energikostnader hade tagits emot positivt av det tyska n\u00e4ringslivet och den internationella arenan. <a href=\"https:\/\/www.handelskammer.se\/nyheter\/psykologisk-oro-skadar-den-tyska-ekonomin\" data-entity-type=\"external\" rel=\"nofollow noopener\" target=\"_blank\">Psykologiskt hade detta varit bra\u2026\u201d<\/a>.<\/p>\n<p>Tankar i samma riktning presenterades i b\u00f6rjan av det nya \u00e5ret ocks\u00e5 av CSU-ledaren Markus S\u00f6der, som f\u00f6reslog bland annat en tidigarel\u00e4ggning till 2026 av den fr\u00e5n 2028 stegvis planerade s\u00e4nkningen av f\u00f6retagsskatten. \u00c4ven f\u00f6rbundskansler Friedrich Merz ans\u00e5g i detta sammanhang att det l\u00e5g mycket i S\u00f6ders f\u00f6rslag. Han verkade dock reagera relativt f\u00f6rsiktigt med ett tydligt p\u00e5talat finansieringsf\u00f6rbeh\u00e5ll p\u00e5 grund av det kr\u00e5ngliga budgetl\u00e4get.<\/p>\n<blockquote>\n<p>&#8221;S\u00f6ders trevare om p\u00e5skyndad s\u00e4nkning av f\u00f6retagsskatter och energipriser p\u00e5 bredare front har b\u00f6rjat v\u00e4cka vissa f\u00f6rhoppningar om ett snabbare tyskt reformtempo.&#8221;<\/p>\n<\/blockquote>\n<p>Precis h\u00e4r blir den ekonomiska politiken \u00e5terigen ganska kr\u00e5nglig. Visserligen verkar unionspartierna och socialdemokraterna mer eller mindre \u00f6verens om prioriteringen av Tysklands ekonomiska \u00e5terh\u00e4mtning \u2013 men inte om finansieringen av fler f\u00f6retagsbefr\u00e4mjande \u00e5tg\u00e4rder. SPD talar mycket om h\u00f6jd skatt f\u00f6r stora arvtagare \u2013 n\u00e5got som avvisas best\u00e4mt av unionspartierna med h\u00e4nvisning till det stora antalet familje\u00e4gda f\u00f6retag. Detta samtidigt som SPD fortfarande efterstr\u00e4var l\u00e4gre skatter f\u00f6r l\u00e5g- och medelinkomsttagare. Det g\u00f6r visserligen ocks\u00e5 unionspartierna \u2013 men p\u00e5 ett mer avvaktande s\u00e4tt.<\/p>\n<p>P\u00e5\u00a0n\u00e5got\u00a0s\u00e4tt handlar hanteringen av den tyska skatteproblematiken fortfarande om att f\u00f6rs\u00f6ka g\u00f6ra\u00a0en\u00a0cirkel\u00a0fyrkantig.<\/p>\n<p>Chansen till fler f\u00f6rb\u00e4ttringar av den ekonomiska politiken b\u00f6r tas nu<\/p>\n<p>Oavsett politisk eller ideologisk positionering b\u00f6r den politiska chansen till en (n\u00e5got) mer synlig tillv\u00e4xtf\u00f6rst\u00e4rkning tas nu. Det g\u00e4ller \u00e4nnu mer med tanke p\u00e5 att S\u00f6ders trevare om p\u00e5skyndad s\u00e4nkning av f\u00f6retagsskatter och energipriser p\u00e5 bredare front b\u00f6rjat v\u00e4cka vissa f\u00f6rhoppningar om ett snabbare tyskt reformtempo. Kanske skulle dylika f\u00f6r\u00e4ndringar kunna framkalla en klart m\u00e4rkbar eller \u00e5tminstone begr\u00e4nsad psykologisk uppryckning \u2013 n\u00e5got som Tyskland definitivt beh\u00f6ver.<\/p>\n<p>Slutsats:<strong> <\/strong>Den senaste tidens ekonomisk-politiska upptrappningsprocess med krav p\u00e5 en \u00e4nnu n\u00e4ringsv\u00e4nligare politik kan inte fungera utan mycket fingertoppk\u00e4nsla och m\u00e5lorienterad kompromissvilja fr\u00e5n samtliga regeringspartiers sida. Prioriteringen av de ekonomiska framtidsfr\u00e5gorna kan dock inte ske utan vissa sociala h\u00e4nsyn med tanke p\u00e5 SPD:s hemvist. Den stora m\u00e5ls\u00e4ttningen \u2013 att f\u00e5 tysk ekonomi p\u00e5 f\u00f6tter igen \u2013 \u00e4r samtliga regeringspartier \u00e4nd\u00e5 \u00f6verens om.<\/p>\n<p>H\u00e4r ligger fortfarande chansen till successivt n\u00e5got b\u00e4ttre tyska tillv\u00e4xtf\u00f6rh\u00e5llanden. Det finns dock inte l\u00e4ngre tid till ineffektiva l\u00e5ngb\u00e4nkf\u00f6rh\u00e5llanden.<\/p>\n<p>2026 blir ett superval\u00e5r<\/p>\n<p>Behovet av en mer \u00f6vertygande ekonomisk tillv\u00e4xtpolitik g\u00e4ller inte minst med tanke p\u00e5 att 2026 blir ett intensivt val\u00e5r p\u00e5 delstats- och kommunniv\u00e5 med p\u00e5tagliga risker f\u00f6r b\u00e5de CDU\/CSU och SPD \u2013 och f\u00f6ljaktligen uppenbara m\u00f6jligheter f\u00f6r det extrema h\u00f6gerpartiet AfD, eventuellt med negativa \u00e5terverkningar \u00e4ven p\u00e5 f\u00f6rbundsregeringen. Delstatsval kommer bland att h\u00e5llas i Baden-W\u00fcrttemberg (den 8 mars), Rheinland-Pfalz (den 22 mars), Sachsen-Anhalt (den 6 september), samt Berlin och Mecklenburg-Vorpommern (b\u00e5da den 20 september). Dessutom kommer viktiga kommunalval att \u00e4ga rum i f\u00f6ljande tre delstater: Bayern (den 8 mars), Hessen (den 15 mars) och Niedersachsen (den 13 september).<\/p>\n<p>Mot denna politiska bakgrund f\u00f6rv\u00e5nar det inte att CSU-chefen S\u00f6der har br\u00e5ttom med sina nyligen lanserade ekonomisk-politiska \u00e4ndrings- och till\u00e4ggsf\u00f6rslag.<\/p>\n","protected":false},"excerpt":{"rendered":"Tysk ekonomi beh\u00f6ver en tydligare reformtakt \u2013 och det snabbt. Ett \u00e5r efter valet \u00e4r f\u00f6rtroendet f\u00f6r koalitionsregeringen&hellip;\n","protected":false},"author":2,"featured_media":133832,"comment_status":"","ping_status":"","sticky":false,"template":"","format":"standard","meta":{"footnotes":""},"categories":[65],"tags":[3222,72,70,71,2117,34,31,33,32,30,13581,408],"class_list":{"0":"post-133831","1":"post","2":"type-post","3":"status-publish","4":"format-standard","5":"has-post-thumbnail","7":"category-ekonomi","8":"tag-affarer","9":"tag-business","10":"tag-economy","11":"tag-ekonomi","12":"tag-naringsliv","13":"tag-se","14":"tag-svenska","15":"tag-sverige","16":"tag-sweden","17":"tag-swedish","18":"tag-tjanster","19":"tag-tyskland"},"share_on_mastodon":{"url":"https:\/\/pubeurope.com\/@se\/115885698101732559","error":""},"_links":{"self":[{"href":"https:\/\/www.europesays.com\/se\/wp-json\/wp\/v2\/posts\/133831","targetHints":{"allow":["GET"]}}],"collection":[{"href":"https:\/\/www.europesays.com\/se\/wp-json\/wp\/v2\/posts"}],"about":[{"href":"https:\/\/www.europesays.com\/se\/wp-json\/wp\/v2\/types\/post"}],"author":[{"embeddable":true,"href":"https:\/\/www.europesays.com\/se\/wp-json\/wp\/v2\/users\/2"}],"replies":[{"embeddable":true,"href":"https:\/\/www.europesays.com\/se\/wp-json\/wp\/v2\/comments?post=133831"}],"version-history":[{"count":0,"href":"https:\/\/www.europesays.com\/se\/wp-json\/wp\/v2\/posts\/133831\/revisions"}],"wp:featuredmedia":[{"embeddable":true,"href":"https:\/\/www.europesays.com\/se\/wp-json\/wp\/v2\/media\/133832"}],"wp:attachment":[{"href":"https:\/\/www.europesays.com\/se\/wp-json\/wp\/v2\/media?parent=133831"}],"wp:term":[{"taxonomy":"category","embeddable":true,"href":"https:\/\/www.europesays.com\/se\/wp-json\/wp\/v2\/categories?post=133831"},{"taxonomy":"post_tag","embeddable":true,"href":"https:\/\/www.europesays.com\/se\/wp-json\/wp\/v2\/tags?post=133831"}],"curies":[{"name":"wp","href":"https:\/\/api.w.org\/{rel}","templated":true}]}}