{"id":133833,"date":"2026-01-13T03:44:12","date_gmt":"2026-01-13T03:44:12","guid":{"rendered":"https:\/\/www.europesays.com\/se\/133833\/"},"modified":"2026-01-13T03:44:12","modified_gmt":"2026-01-13T03:44:12","slug":"100-procent-elbilar-i-over-hundra-norska-kommuner-allt-om-elbil","status":"publish","type":"post","link":"https:\/\/www.europesays.com\/se\/133833\/","title":{"rendered":"100 procent elbilar i \u00f6ver hundra norska kommuner \u2013 Allt om Elbil"},"content":{"rendered":"<p>Norge hade som m\u00e5l att alla nya bilar som s\u00e5ldes i Norge i slutet av 2025 skulle vara helt elektriska. Med en elbilsandel p\u00e5 97,6 procent i nybilsf\u00f6rs\u00e4ljningen kan man s\u00e4ga att Norge n\u00e4stan n\u00e5dde sitt m\u00e5l. <\/p>\n<p>En f\u00f6rdjupning p\u00e5 kommunniv\u00e5 visar faktiskt att m\u00e5nga kommuner n\u00e5dde en helt elektrisk f\u00f6rs\u00e4ljning i slutet av \u00e5ret. Totalt r\u00f6r det sig om 107 kommuner som n\u00e5dde m\u00e5let, i en lista som domineras av landsbygdskommuner. M\u00e5nga av kommunerna ligger i norra Norge. <\/p>\n<p>\u2013 Distrikten har tidigare legat efter, men det g\u00e4llde d\u00e5 och inte nu, s\u00e4ger Christina Bu, ordf\u00f6rande f\u00f6r Norges elbilsf\u00f6rening f\u00f6r <a href=\"https:\/\/elbil.no\/over-100-kommuner-nadde-helelektrisk-nybilsalg-i-2025\/\" target=\"_blank\" rel=\"noreferrer noopener nofollow\">Elbil.no<\/a>.<\/p>\n<p>I Finnmark som \u00e4r Norges nordligaste landskap n\u00e5dde 12 av 18 kommuner en helt elektrisk f\u00f6rs\u00e4ljning, och i Nordland n\u00e5dde 23 av landskapets 41 kommuner m\u00e5let. D\u00e4r ing\u00e5r bland annat landets kallaste kommun Karasjok kommun d\u00e4r samtliga nya bilar var en elbil.<\/p>\n<p>\u2013 Karasjok har k\u00f6ldrekordet i Norge. Nu har de ocks\u00e5 satt elbilsrekord med helt elektrisk nybilsf\u00f6rs\u00e4ljning under 2025. Detta \u00e4r sista spiken i kistan f\u00f6r p\u00e5st\u00e5endet att elbil inte fungerar p\u00e5 vintern, s\u00e4ger Bu.<\/p>\n<p>Av Norges 357 kommuner var det endast 18 kommuner som hade en elbilsandel p\u00e5 under 90 procent. <\/p>\n<p>\u2013 De allra flesta, i alla delar av landet, v\u00e4ljer elbil som sin nya bil. Samtidigt visar siffrorna att det fortfarande finns n\u00e5gra f\u00e5 i m\u00e5nga kommuner som h\u00e5ller fast vid fossilbil, avslutar Bu. <\/p>\n","protected":false},"excerpt":{"rendered":"Norge hade som m\u00e5l att alla nya bilar som s\u00e5ldes i Norge i slutet av 2025 skulle vara&hellip;\n","protected":false},"author":2,"featured_media":133834,"comment_status":"","ping_status":"","sticky":false,"template":"","format":"standard","meta":{"footnotes":""},"categories":[65],"tags":[72,70,71,430,34,31,33,32,30],"class_list":{"0":"post-133833","1":"post","2":"type-post","3":"status-publish","4":"format-standard","5":"has-post-thumbnail","7":"category-ekonomi","8":"tag-business","9":"tag-economy","10":"tag-ekonomi","11":"tag-norge","12":"tag-se","13":"tag-svenska","14":"tag-sverige","15":"tag-sweden","16":"tag-swedish"},"share_on_mastodon":{"url":"https:\/\/pubeurope.com\/@se\/115885733498562843","error":""},"_links":{"self":[{"href":"https:\/\/www.europesays.com\/se\/wp-json\/wp\/v2\/posts\/133833","targetHints":{"allow":["GET"]}}],"collection":[{"href":"https:\/\/www.europesays.com\/se\/wp-json\/wp\/v2\/posts"}],"about":[{"href":"https:\/\/www.europesays.com\/se\/wp-json\/wp\/v2\/types\/post"}],"author":[{"embeddable":true,"href":"https:\/\/www.europesays.com\/se\/wp-json\/wp\/v2\/users\/2"}],"replies":[{"embeddable":true,"href":"https:\/\/www.europesays.com\/se\/wp-json\/wp\/v2\/comments?post=133833"}],"version-history":[{"count":0,"href":"https:\/\/www.europesays.com\/se\/wp-json\/wp\/v2\/posts\/133833\/revisions"}],"wp:featuredmedia":[{"embeddable":true,"href":"https:\/\/www.europesays.com\/se\/wp-json\/wp\/v2\/media\/133834"}],"wp:attachment":[{"href":"https:\/\/www.europesays.com\/se\/wp-json\/wp\/v2\/media?parent=133833"}],"wp:term":[{"taxonomy":"category","embeddable":true,"href":"https:\/\/www.europesays.com\/se\/wp-json\/wp\/v2\/categories?post=133833"},{"taxonomy":"post_tag","embeddable":true,"href":"https:\/\/www.europesays.com\/se\/wp-json\/wp\/v2\/tags?post=133833"}],"curies":[{"name":"wp","href":"https:\/\/api.w.org\/{rel}","templated":true}]}}