{"id":133837,"date":"2026-01-13T04:00:53","date_gmt":"2026-01-13T04:00:53","guid":{"rendered":"https:\/\/www.europesays.com\/se\/133837\/"},"modified":"2026-01-13T04:00:53","modified_gmt":"2026-01-13T04:00:53","slug":"15-miljarder-till-luftvarn-for-lite-for-att-rora-saab-nalen","status":"publish","type":"post","link":"https:\/\/www.europesays.com\/se\/133837\/","title":{"rendered":"15 miljarder till luftv\u00e4rn \u2013 f\u00f6r lite f\u00f6r att r\u00f6ra Saab-n\u00e5len"},"content":{"rendered":"<p>Gynnar Saab<\/p>\n<p class=\"font-sans text-base text-text-main dark:text-text-main-dark font-normal leading-[1.4]\">Tidigare har det varit mycket fokus p\u00e5 det milit\u00e4ra, men nu ska luftf\u00f6rsvarsf\u00f6rm\u00e5gan ut\u00f6kas f\u00f6r att skydda civil infrastruktur. Det s\u00e4ger\u00a0<strong>Paretos<\/strong>\u00a0analytiker\u00a0<strong>Tom<\/strong>\u00a0<strong>Guinchard<\/strong>.<\/p>\n<p class=\"font-sans text-base text-text-main dark:text-text-main-dark font-normal leading-[1.4]\">\u201dD\u00e5 blir det fokus p\u00e5 kortr\u00e4ckviddigt luftv\u00e4rn framf\u00f6r allt, vilket gynnar bolag som\u00a0<a class=\"text-primary-90 underline hover:text-primary-110 hover:no-underline\" href=\"https:\/\/www.affarsvarlden.se\/aktie\/saab\" rel=\"nofollow noopener\" target=\"_blank\"><strong>Saab<\/strong><\/a>\u00a0och\u00a0<strong>Diehl<\/strong>\u00a0<strong>Defence<\/strong>\u201d, s\u00e4ger Guinchard till Placera.<\/p>\n<p class=\"font-sans text-base text-text-main dark:text-text-main-dark font-normal leading-[1.4]\">Saab har inte ett lika starkt erbjudande vard g\u00e4ller l\u00e5ngr\u00e4ckviddig teknik, och har d\u00e4rf\u00f6r inte haft en lika given roll i mer milit\u00e4ra luftf\u00f6rsvarssatsnignar.<\/p>\n<p class=\"font-sans text-base text-text-main dark:text-text-main-dark font-normal leading-[1.4]\">\u201dTittar vi p\u00e5 de tidigare satsningarna har det varit mycket\u00a0<strong>Patriot<\/strong>\u201d, s\u00e4ger analytikern.<\/p>\n<p class=\"font-sans text-base text-text-main dark:text-text-main-dark font-normal leading-[1.4]\">Patriot-systemet tillverkas av amerikanska f\u00f6rsvarsj\u00e4tten\u00a0<a class=\"text-primary-90 underline hover:text-primary-110 hover:no-underline\" href=\"https:\/\/www.affarsvarlden.se\/aktie\/rtx\" rel=\"nofollow noopener\" target=\"_blank\"><strong>RTX<\/strong><\/a>.\u00a0<strong>Lockheed<\/strong>\u00a0<strong>Martin<\/strong>\u00a0samarbetar med\u00a0<a class=\"text-primary-90 underline hover:text-primary-110 hover:no-underline\" href=\"https:\/\/www.affarsvarlden.se\/aktie\/rtx\" rel=\"nofollow noopener\" target=\"_blank\">RTX<\/a>\u00a0och tillverkar missiler till systemet.<\/p>\n","protected":false},"excerpt":{"rendered":"Gynnar Saab Tidigare har det varit mycket fokus p\u00e5 det milit\u00e4ra, men nu ska luftf\u00f6rsvarsf\u00f6rm\u00e5gan ut\u00f6kas f\u00f6r att&hellip;\n","protected":false},"author":2,"featured_media":133838,"comment_status":"","ping_status":"","sticky":false,"template":"","format":"standard","meta":{"footnotes":""},"categories":[65],"tags":[72,70,71,5847,8547,9534,2200,34,31,33,32,30],"class_list":{"0":"post-133837","1":"post","2":"type-post","3":"status-publish","4":"format-standard","5":"has-post-thumbnail","7":"category-ekonomi","8":"tag-business","9":"tag-economy","10":"tag-ekonomi","11":"tag-forsvarsbolag","12":"tag-lockheed-martin","13":"tag-rtx","14":"tag-saab","15":"tag-se","16":"tag-svenska","17":"tag-sverige","18":"tag-sweden","19":"tag-swedish"},"share_on_mastodon":{"url":"https:\/\/pubeurope.com\/@se\/115885800303105119","error":""},"_links":{"self":[{"href":"https:\/\/www.europesays.com\/se\/wp-json\/wp\/v2\/posts\/133837","targetHints":{"allow":["GET"]}}],"collection":[{"href":"https:\/\/www.europesays.com\/se\/wp-json\/wp\/v2\/posts"}],"about":[{"href":"https:\/\/www.europesays.com\/se\/wp-json\/wp\/v2\/types\/post"}],"author":[{"embeddable":true,"href":"https:\/\/www.europesays.com\/se\/wp-json\/wp\/v2\/users\/2"}],"replies":[{"embeddable":true,"href":"https:\/\/www.europesays.com\/se\/wp-json\/wp\/v2\/comments?post=133837"}],"version-history":[{"count":0,"href":"https:\/\/www.europesays.com\/se\/wp-json\/wp\/v2\/posts\/133837\/revisions"}],"wp:featuredmedia":[{"embeddable":true,"href":"https:\/\/www.europesays.com\/se\/wp-json\/wp\/v2\/media\/133838"}],"wp:attachment":[{"href":"https:\/\/www.europesays.com\/se\/wp-json\/wp\/v2\/media?parent=133837"}],"wp:term":[{"taxonomy":"category","embeddable":true,"href":"https:\/\/www.europesays.com\/se\/wp-json\/wp\/v2\/categories?post=133837"},{"taxonomy":"post_tag","embeddable":true,"href":"https:\/\/www.europesays.com\/se\/wp-json\/wp\/v2\/tags?post=133837"}],"curies":[{"name":"wp","href":"https:\/\/api.w.org\/{rel}","templated":true}]}}