{"id":133851,"date":"2026-01-13T04:50:12","date_gmt":"2026-01-13T04:50:12","guid":{"rendered":"https:\/\/www.europesays.com\/se\/133851\/"},"modified":"2026-01-13T04:50:12","modified_gmt":"2026-01-13T04:50:12","slug":"svenskar-uppmanas-lamna-iran","status":"publish","type":"post","link":"https:\/\/www.europesays.com\/se\/133851\/","title":{"rendered":"Svenskar uppmanas l\u00e4mna Iran"},"content":{"rendered":"<p class=\"boxtextgrotesk-root_baa6 hyperion-css-7pajle\">Publicerad 2026-01-12 14.50<\/p>\n<p>share-arrowDela<\/p>\n<p>unsaveSpara<\/p>\n<p>expand-left<\/p>\n<p>helsk\u00e4rm<img decoding=\"async\" class=\"image-asset hyperion-css-u06ts1\" data-test-tag=\"image-asset\" src=\"https:\/\/www.europesays.com\/se\/wp-content\/uploads\/2026\/01\/1bd3fbbf-184e-4a06-8c07-e3709b578070.jpeg\"  alt=\"Utrikesminister Maria Malmer Stenergard (M).\"  loading=\"eager\" fetchpriority=\"high\" style=\"aspect-ratio:1900 \/ 1267\"\/>Utrikesminister Maria Malmer Stenergard (M). Foto: Henrik Montgomery\/TT<\/p>\n<p class=\"hyperion-css-1shl3oz\" data-test-tag=\"lead-text\">Utrikesdepartementet (UD) sk\u00e4rper sin avr\u00e5dan f\u00f6r Iran, med anledning av s\u00e4kerhetsl\u00e4get. Svenskar som \u00e4r i Iran uppmanas att l\u00e4mna landet.<\/p>\n<p class=\"hyperion-css-1shl3oz\" data-test-tag=\"lead-text\">Runt 1\u00a0500 svenska medborgare bed\u00f6ms befinna sig i Iran, uppger utrikesminister Maria Malmer Stenergard (M).<\/p>\n<p class=\"hyperion-css-1v9qo5x\">Beslutet om avr\u00e5dan fattas med h\u00e4nvisning till s\u00e4kerhetsl\u00e4get.<\/p>\n<p class=\"hyperion-css-1v9qo5x\">Tidigare under m\u00e5ndagen sade Maria Malmer Stenergard att hon \u00e4r orolig \u00f6ver utvecklingen i Iran, d\u00e4r massprotester sl\u00e5s ner v\u00e5ldsamt och mycket lite information om vad som h\u00e4nder sipprar ut.<\/p>\n<p class=\"hyperion-css-1v9qo5x\">Att internet \u00e4r nedst\u00e4ngt g\u00f6r det sv\u00e5rt att verifiera uppgifter, men det g\u00f6r det ocks\u00e5 sv\u00e5rt att n\u00e5 ut till svenska medborgare i landet.<\/p>\n<p class=\"hyperion-css-1v9qo5x\">\u2013 Det \u00e4r ocks\u00e5 viktigt att de som befinner sig i Iran faktiskt kan ta del av v\u00e5r information, det m\u00e5ste vi ocks\u00e5 v\u00e4ga in, sade Malmer Stenergard tidigare.<\/p>\n<p class=\"hyperion-css-1v9qo5x\">UD har haft en tydlig avr\u00e5dan fr\u00e5n alla resor till Iran sedan 2022. Nu kommer en direkt uppmaning om att l\u00e4mna landet.<\/p>\n<p class=\"hyperion-css-1v9qo5x\">\u2013 Vi har en konsul\u00e4r jour som man kan v\u00e4nda sig till, om det \u00e4r tekniskt m\u00f6jligt. Vi har tagit emot ett antal samtal och st\u00e5r naturligtvis beredda att g\u00f6ra det fortsatt.<\/p>\n","protected":false},"excerpt":{"rendered":"Publicerad 2026-01-12 14.50 share-arrowDela unsaveSpara expand-left helsk\u00e4rmUtrikesminister Maria Malmer Stenergard (M). Foto: Henrik Montgomery\/TT Utrikesdepartementet (UD) sk\u00e4rper sin&hellip;\n","protected":false},"author":2,"featured_media":133852,"comment_status":"","ping_status":"","sticky":false,"template":"","format":"standard","meta":{"footnotes":""},"categories":[12],"tags":[22,23,26,27,17,21,24,25,28,29,15,16,18,34,31,33,32,30,19,20],"class_list":{"0":"post-133851","1":"post","2":"type-post","3":"status-publish","4":"format-standard","5":"has-post-thumbnail","7":"category-sverige","8":"tag-breaking-news","9":"tag-breakingnews","10":"tag-featured-news","11":"tag-featurednews","12":"tag-headlines","13":"tag-huvudnyheter","14":"tag-latest-news","15":"tag-latestnews","16":"tag-main-news","17":"tag-mainnews","18":"tag-news","19":"tag-nyheter","20":"tag-rubriker","21":"tag-se","22":"tag-svenska","23":"tag-sverige","24":"tag-sweden","25":"tag-swedish","26":"tag-top-stories","27":"tag-topstories"},"share_on_mastodon":{"url":"https:\/\/pubeurope.com\/@se\/115885993047935202","error":""},"_links":{"self":[{"href":"https:\/\/www.europesays.com\/se\/wp-json\/wp\/v2\/posts\/133851","targetHints":{"allow":["GET"]}}],"collection":[{"href":"https:\/\/www.europesays.com\/se\/wp-json\/wp\/v2\/posts"}],"about":[{"href":"https:\/\/www.europesays.com\/se\/wp-json\/wp\/v2\/types\/post"}],"author":[{"embeddable":true,"href":"https:\/\/www.europesays.com\/se\/wp-json\/wp\/v2\/users\/2"}],"replies":[{"embeddable":true,"href":"https:\/\/www.europesays.com\/se\/wp-json\/wp\/v2\/comments?post=133851"}],"version-history":[{"count":0,"href":"https:\/\/www.europesays.com\/se\/wp-json\/wp\/v2\/posts\/133851\/revisions"}],"wp:featuredmedia":[{"embeddable":true,"href":"https:\/\/www.europesays.com\/se\/wp-json\/wp\/v2\/media\/133852"}],"wp:attachment":[{"href":"https:\/\/www.europesays.com\/se\/wp-json\/wp\/v2\/media?parent=133851"}],"wp:term":[{"taxonomy":"category","embeddable":true,"href":"https:\/\/www.europesays.com\/se\/wp-json\/wp\/v2\/categories?post=133851"},{"taxonomy":"post_tag","embeddable":true,"href":"https:\/\/www.europesays.com\/se\/wp-json\/wp\/v2\/tags?post=133851"}],"curies":[{"name":"wp","href":"https:\/\/api.w.org\/{rel}","templated":true}]}}