{"id":133853,"date":"2026-01-13T04:51:18","date_gmt":"2026-01-13T04:51:18","guid":{"rendered":"https:\/\/www.europesays.com\/se\/133853\/"},"modified":"2026-01-13T04:51:18","modified_gmt":"2026-01-13T04:51:18","slug":"frolundatatt-pa-os-i-milano","status":"publish","type":"post","link":"https:\/\/www.europesays.com\/se\/133853\/","title":{"rendered":"Fr\u00f6lundat\u00e4tt p\u00e5 OS i Milano"},"content":{"rendered":"<p><img decoding=\"async\" src=\"https:\/\/www.europesays.com\/se\/wp-content\/uploads\/2025\/09\/1758400691_256_error-b0945c17.png\" data- class=\"lazyload blur-up z-0\" style=\"\" alt=\"\" width=\"100%\" height=\"auto\" data-v-9e7f635d=\"\"\/><\/p>\n<p>FHC DAM<\/p>\n<p class=\"article-intro\" data-v-7040d6fb=\"\">Hanna Olsson, Sofie Lundin och Felizia Wikner Zienkiewicz representerar Sverige under OS i Milano. <\/p>\n<p class=\"paragraph text-left\"> En Fr\u00f6lundatrio ska representera Tre Kronor dam p\u00e5 OS Milano i februari, det stod klart under m\u00e5ndagen n\u00e4r f\u00f6rbundskapten Ulf Lundberg presenterade truppen.\u00a0 <\/p>\n<p class=\"paragraph text-left\"> &#8211; J\u00e4ttekul och en \u00e4ra \u2013 och n\u00e5got jag verkligen ser fram emot, s\u00e4ger Felizia Wikner Zienkiewicz. <\/p>\n<p class=\"paragraph text-left\"> Hanna Olsson och Sofie Lundin \u00e4r de tv\u00e5 andra som finns med i Lundbergs trupp.\u00a0<\/p>\n<p>Fr\u00e5n Fr\u00f6lunda HC \u00e4r det ytterligare fem spelare som kommer representera sina landslag under turneringen.\u00a0 <\/p>\n<p class=\"paragraph text-left\"> Finland: Sanni Rantala, Elisa Holopainen, Emilia Vesa. <\/p>\n<p class=\"paragraph text-left\"> Schweiz: Andrea Br\u00e4ndli. <\/p>\n<p class=\"paragraph text-left\"> Tyskland: Emily Nix.<\/p>\n<p class=\"paragraph text-left\"> OS-turneringen i italienska Milano spelas mellan den 5 och 19 februari. <\/p>\n<p class=\"paragraph text-left\"> SDHL har uppeh\u00e5ll fr\u00e5n 26 januari till 26 februari med anledning av den olympiska ishockeyturneringen.<\/p>\n<p>Sveriges spelschemaOS-l\u00e4ger i Wollerau<\/p>\n<p class=\"paragraph text-left\"> S\u00f6ndag 1 februari 13.00 Sverige-Schweiz, FARFAR Ice Camp <\/p>\n<p>Vinter-OS i Milano<\/p>\n<p class=\"paragraph text-left\"> Torsdag 5 februari12.10 Sverige-Tyskland, Milano Rho Ice Hockey Arena <\/p>\n<p class=\"paragraph text-left\"> L\u00f6rdag 7 februari14.40 Sverige-Italien, Milano Santagiulia Ice Hockey Arena <\/p>\n<p class=\"paragraph text-left\"> S\u00f6ndag 8 februari16.40 Sverige-Frankrike, Milano Rho Ice Hockey Arena <\/p>\n<p class=\"paragraph text-left\"> Tisdag 10 februari12.10 Sverige-Japan, Milano Rho Ice Hockey Arena <\/p>\n<p class=\"paragraph text-left\"> Schema d\u00e4refter \u00e4r beroende av resultat i gruppspelet. <\/p>\n<p class=\"paragraph text-left\"> OS s\u00e4nds i SVT, TV4 och Max, samt Radiosporten. <\/p>\n","protected":false},"excerpt":{"rendered":"FHC DAM Hanna Olsson, Sofie Lundin och Felizia Wikner Zienkiewicz representerar Sverige under OS i Milano. En Fr\u00f6lundatrio&hellip;\n","protected":false},"author":2,"featured_media":133854,"comment_status":"","ping_status":"","sticky":false,"template":"","format":"standard","meta":{"footnotes":""},"categories":[5],"tags":[22,23,26,27,17,21,24,25,28,29,15,16,18,34,31,33,32,30,19,20],"class_list":{"0":"post-133853","1":"post","2":"type-post","3":"status-publish","4":"format-standard","5":"has-post-thumbnail","7":"category-rubriker","8":"tag-breaking-news","9":"tag-breakingnews","10":"tag-featured-news","11":"tag-featurednews","12":"tag-headlines","13":"tag-huvudnyheter","14":"tag-latest-news","15":"tag-latestnews","16":"tag-main-news","17":"tag-mainnews","18":"tag-news","19":"tag-nyheter","20":"tag-rubriker","21":"tag-se","22":"tag-svenska","23":"tag-sverige","24":"tag-sweden","25":"tag-swedish","26":"tag-top-stories","27":"tag-topstories"},"share_on_mastodon":{"url":"https:\/\/pubeurope.com\/@se\/115885996926315953","error":""},"_links":{"self":[{"href":"https:\/\/www.europesays.com\/se\/wp-json\/wp\/v2\/posts\/133853","targetHints":{"allow":["GET"]}}],"collection":[{"href":"https:\/\/www.europesays.com\/se\/wp-json\/wp\/v2\/posts"}],"about":[{"href":"https:\/\/www.europesays.com\/se\/wp-json\/wp\/v2\/types\/post"}],"author":[{"embeddable":true,"href":"https:\/\/www.europesays.com\/se\/wp-json\/wp\/v2\/users\/2"}],"replies":[{"embeddable":true,"href":"https:\/\/www.europesays.com\/se\/wp-json\/wp\/v2\/comments?post=133853"}],"version-history":[{"count":0,"href":"https:\/\/www.europesays.com\/se\/wp-json\/wp\/v2\/posts\/133853\/revisions"}],"wp:featuredmedia":[{"embeddable":true,"href":"https:\/\/www.europesays.com\/se\/wp-json\/wp\/v2\/media\/133854"}],"wp:attachment":[{"href":"https:\/\/www.europesays.com\/se\/wp-json\/wp\/v2\/media?parent=133853"}],"wp:term":[{"taxonomy":"category","embeddable":true,"href":"https:\/\/www.europesays.com\/se\/wp-json\/wp\/v2\/categories?post=133853"},{"taxonomy":"post_tag","embeddable":true,"href":"https:\/\/www.europesays.com\/se\/wp-json\/wp\/v2\/tags?post=133853"}],"curies":[{"name":"wp","href":"https:\/\/api.w.org\/{rel}","templated":true}]}}