{"id":133855,"date":"2026-01-13T04:58:14","date_gmt":"2026-01-13T04:58:14","guid":{"rendered":"https:\/\/www.europesays.com\/se\/133855\/"},"modified":"2026-01-13T04:58:14","modified_gmt":"2026-01-13T04:58:14","slug":"att-forebygga-brott-ar-inte-fastighetsagares-ansvar","status":"publish","type":"post","link":"https:\/\/www.europesays.com\/se\/133855\/","title":{"rendered":"Att f\u00f6rebygga brott \u00e4r inte fastighets\u00e4gares ansvar"},"content":{"rendered":"<p><strong><a href=\"https:\/\/bostadspolitik.se\/regeringen-foreslar-ny-lag-om-avgift-for-omradessamverkan\/\" rel=\"nofollow noopener\" target=\"_blank\">Lagf\u00f6rslaget om tvingande omr\u00e5dessamverkan<\/a> inneb\u00e4r en oacceptabel ansvarsf\u00f6rskjutning fr\u00e5n staten till privata akt\u00f6rer, som f\u00f6rv\u00e4ntas kompensera f\u00f6r bristande offentliga insatser, skriver fyra tunga fastighetsakt\u00f6rer i en replik p\u00e5 <a href=\"https:\/\/www.aftonbladet.se\/debatt\/a\/q6AAVO\/replik-en-tvangsavgift-gor-inte-utsatta-omraden-tryggare\" rel=\"nofollow noopener\" target=\"_blank\">Aftonbladet Debatt.<\/a><\/strong><\/p>\n<p>Fyra ledande f\u00f6retr\u00e4dare f\u00f6r fastighets- och bostadssektorn \u2013 Anders Holmestig, vd, Fastighets\u00e4garna Sverige, Johan Nyhus, f\u00f6rbundsordf\u00f6rande, HSB, Johanna Frelin, vd, Riksbyggen och Ulrika Blomqvist, vd, Bostadsr\u00e4tterna \u2013 g\u00e5r till gemensamt angrepp mot regeringens f\u00f6rslag om tvingande omr\u00e5dessamverkan. I en replik p\u00e5 <a href=\"https:\/\/www.aftonbladet.se\/debatt\/a\/QJoQXW\/nagra-ska-inte-dra-hela-lasset-infor-en-avgift\" rel=\"nofollow noopener\" target=\"_blank\">Tid\u00f6partiernas inl\u00e4gg h\u00e4romdagen<\/a> varnar de f\u00f6r att lagstiftningen riskerar att flytta ett grundl\u00e4ggande samh\u00e4llsansvar fr\u00e5n staten till privata akt\u00f6rer.<\/p>\n<p>Debatt\u00f6rerna framh\u00e5ller att fastighets\u00e4gare och bostadsr\u00e4ttsf\u00f6reningar redan i dag bidrar till tryggheten genom investeringar i belysning, sk\u00f6tsel och samverkan med polis och kommun. Men de betonar att gr\u00e4nsen g\u00e5r vid det brottsf\u00f6rebyggande ansvaret. \u201dMen att f\u00f6rebygga brott och skapa ordning \u00e4r inte fastighets\u00e4gares eller bostadsr\u00e4ttsf\u00f6reningars ansvar. Det \u00e4r ett grundl\u00e4ggande samh\u00e4llsuppdrag f\u00f6r polis och kommuner.\u201d<\/p>\n<p>De \u00e4r positiva till frivillig och lokalt f\u00f6rankrad samverkan, men menar att lagf\u00f6rslaget missar de djupare orsakerna till otrygghet i utsatta omr\u00e5den. \u201dN\u00e4r samverkan \u00e4r lokalt f\u00f6rankrad och bygger p\u00e5 frivillighet fungerar den och har bidragit till att lyfta m\u00e5nga omr\u00e5den. Men omr\u00e5dessamverkan kan inte l\u00f6sa de strukturella problemen i utsatta omr\u00e5den, som bottnar i sociala utmaningar som kr\u00e4ver insatser fr\u00e5n stat och kommun.\u201d<\/p>\n<p>Vidare ifr\u00e5gas\u00e4tts regeringens p\u00e5st\u00e5ende om bred f\u00f6rankring. Enligt debatt\u00f6rerna avstyrker tre av fyra remissinstanser f\u00f6rslaget. De efterlyser i st\u00e4llet ett bredare ansvarstagande d\u00e4r \u00e4ven andra lokala akt\u00f6rer omfattas, och uppmanar regeringen att t\u00e4nka om och satsa p\u00e5 \u00e5tg\u00e4rder som faktiskt st\u00e4rker tryggheten.<\/p>\n","protected":false},"excerpt":{"rendered":"Lagf\u00f6rslaget om tvingande omr\u00e5dessamverkan inneb\u00e4r en oacceptabel ansvarsf\u00f6rskjutning fr\u00e5n staten till privata akt\u00f6rer, som f\u00f6rv\u00e4ntas kompensera f\u00f6r bristande&hellip;\n","protected":false},"author":2,"featured_media":133856,"comment_status":"","ping_status":"","sticky":false,"template":"","format":"standard","meta":{"footnotes":""},"categories":[12],"tags":[22,23,26,27,17,21,24,25,28,29,15,16,18,34,31,33,32,30,19,20],"class_list":{"0":"post-133855","1":"post","2":"type-post","3":"status-publish","4":"format-standard","5":"has-post-thumbnail","7":"category-sverige","8":"tag-breaking-news","9":"tag-breakingnews","10":"tag-featured-news","11":"tag-featurednews","12":"tag-headlines","13":"tag-huvudnyheter","14":"tag-latest-news","15":"tag-latestnews","16":"tag-main-news","17":"tag-mainnews","18":"tag-news","19":"tag-nyheter","20":"tag-rubriker","21":"tag-se","22":"tag-svenska","23":"tag-sverige","24":"tag-sweden","25":"tag-swedish","26":"tag-top-stories","27":"tag-topstories"},"share_on_mastodon":{"url":"https:\/\/pubeurope.com\/@se\/115886024627228982","error":""},"_links":{"self":[{"href":"https:\/\/www.europesays.com\/se\/wp-json\/wp\/v2\/posts\/133855","targetHints":{"allow":["GET"]}}],"collection":[{"href":"https:\/\/www.europesays.com\/se\/wp-json\/wp\/v2\/posts"}],"about":[{"href":"https:\/\/www.europesays.com\/se\/wp-json\/wp\/v2\/types\/post"}],"author":[{"embeddable":true,"href":"https:\/\/www.europesays.com\/se\/wp-json\/wp\/v2\/users\/2"}],"replies":[{"embeddable":true,"href":"https:\/\/www.europesays.com\/se\/wp-json\/wp\/v2\/comments?post=133855"}],"version-history":[{"count":0,"href":"https:\/\/www.europesays.com\/se\/wp-json\/wp\/v2\/posts\/133855\/revisions"}],"wp:featuredmedia":[{"embeddable":true,"href":"https:\/\/www.europesays.com\/se\/wp-json\/wp\/v2\/media\/133856"}],"wp:attachment":[{"href":"https:\/\/www.europesays.com\/se\/wp-json\/wp\/v2\/media?parent=133855"}],"wp:term":[{"taxonomy":"category","embeddable":true,"href":"https:\/\/www.europesays.com\/se\/wp-json\/wp\/v2\/categories?post=133855"},{"taxonomy":"post_tag","embeddable":true,"href":"https:\/\/www.europesays.com\/se\/wp-json\/wp\/v2\/tags?post=133855"}],"curies":[{"name":"wp","href":"https:\/\/api.w.org\/{rel}","templated":true}]}}