{"id":133857,"date":"2026-01-13T04:59:17","date_gmt":"2026-01-13T04:59:17","guid":{"rendered":"https:\/\/www.europesays.com\/se\/133857\/"},"modified":"2026-01-13T04:59:17","modified_gmt":"2026-01-13T04:59:17","slug":"mannens-ord-efter-mordet-i-ronninge-kroppsdelar-i-frysen","status":"publish","type":"post","link":"https:\/\/www.europesays.com\/se\/133857\/","title":{"rendered":"Mannens ord efter mordet i R\u00f6nninge: \u201dKroppsdelar i frysen\u201d"},"content":{"rendered":"<p class=\"sc-c25743f0-0 sc-e37c0145-2 hObFds DQgPn\">\u00d6vervakningskamerorna p\u00e5 t\u00e5gstationen i R\u00f6nninge i Salem kommun f\u00e5ngade hur den 25-\u00e5riga kvinnan klev av pendelt\u00e5get vid 01.20-tiden p\u00e5 annandagen.<\/p>\n<p class=\"sc-c25743f0-0 sc-e37c0145-2 hObFds DQgPn\">Utanf\u00f6r stationen hittades buntband, hammare och kvinnans tillh\u00f6righeter. D\u00e4refter slutade sp\u00e5ren.<\/p>\n<p class=\"sc-c25743f0-0 sc-e37c0145-2 hObFds DQgPn\">Polisen skickade fynden till analys med akut f\u00f6rtur. P\u00e5 f\u00f6rmiddagen d\u00e4rp\u00e5 kom svaret att dna fr\u00e5n en 26-\u00e5rig tidigare d\u00f6md v\u00e5ldsbrottsling hittats p\u00e5 f\u00f6rem\u00e5len, enligt uppgifter till TV4 Nyheterna.<\/p>\n<p class=\"sc-c25743f0-0 sc-e37c0145-2 hObFds DQgPn\">En spaningsinsats inleddes mot mannen f\u00f6r att utreda hans inblandning i f\u00f6rsvinnandet.<\/p>\n<p class=\"sc-c25743f0-0 sc-e37c0145-2 hObFds DQgPn\">\u2013 Man hoppades att han skulle leda polisen till kvinnan, s\u00e4ger en k\u00e4lla till TV4 Nyheterna.<\/p>\n<p class=\"sc-c25743f0-0 sc-e37c0145-2 hObFds DQgPn\">Efter elva timmar, vid 21-tiden, s\u00e5g spanarna hur 26-\u00e5ringen b\u00f6rjade gr\u00e4va i ett skogsomr\u00e5de s\u00f6der om Stockholm. Han hade bland annat en spade och en p\u00e5se med sig, enligt uppgifter till TV4 Nyheterna.<\/p>\n<p class=\"sc-c25743f0-0 sc-e37c0145-2 hObFds DQgPn\">Eftersom polisen misst\u00e4nkte att mannens agerande var kopplat till kvinnans f\u00f6rsvinnande slog man till och grep honom p\u00e5 bar g\u00e4rning.<\/p>\n<p class=\"sc-c25743f0-0 sc-e37c0145-2 hObFds DQgPn\">D\u00e5 gjorde 26-\u00e5ringen ett erk\u00e4nnande som fick patrullen att f\u00f6rst\u00e5 att kvinnan inte skulle hittas vid liv.<\/p>\n<p>\u201dJag har kroppsdelarna i frysen\u201d<\/p>\n<p class=\"sc-c25743f0-0 sc-e37c0145-2 hObFds DQgPn\">Enligt uppgifter till TV4 erk\u00e4nde mannen brottet grovt gravfridsbrott.<\/p>\n<p class=\"sc-c25743f0-0 sc-e37c0145-2 hObFds DQgPn\">\u2013 Jag har kroppsdelarna i frysen, ska han enligt uppgifter ha sagt till poliserna efter gripandet.<\/p>\n<p class=\"sc-c25743f0-0 sc-e37c0145-2 hObFds DQgPn\">En k\u00e4lla s\u00e4ger:<\/p>\n<p class=\"sc-c25743f0-0 sc-e37c0145-2 hObFds DQgPn\">\u2013 Misstanken till en b\u00f6rjan var att kvinnan h\u00f6lls kidnappad. Men poliserna f\u00f6rstod d\u00e5 att de tyv\u00e4rr hade att <a href=\"https:\/\/www.tv4.se\/artikel\/3Jahuuetl54oXQSJWwgGcA\/25-ariga-kvinnan-i-roenninge-misstaenks-ha-styckmoerdats\" class=\"pcc\" target=\"_top\" rel=\"nofollow noopener\">g\u00f6ra med ett styckmord<\/a>.<\/p>\n<p class=\"sc-c25743f0-0 sc-e37c0145-2 hObFds DQgPn\">26-\u00e5ringens adress sp\u00e4rrades av och n\u00e4r kriminaltekniker genomf\u00f6rde sin brottsplatsunders\u00f6kning hittades kvinnans kroppsdelar i bostaden. Enligt uppgifter till <a href=\"https:\/\/www.expressen.se\/nyheter\/krim\/uppgifter-polisen-missade-kroppen--hemma-hos-vilma-andersson\/\" class=\"pcc\" target=\"_blank\" rel=\"noopener noreferrer nofollow\">Expressen<\/a> ska de ha funnits i kylsk\u00e5pet.<\/p>\n<p class=\"sc-c25743f0-0 sc-e37c0145-2 hObFds DQgPn\">Vid h\u00e4ktningsf\u00f6rhandlingen nekade 26-\u00e5ringen till mord men <a href=\"https:\/\/www.tv4.se\/artikel\/5FEOj5sclG7Ms5Ti41MFDg\/26-aring-haektas-foer-roenningemordet\" class=\"pcc\" target=\"_top\" rel=\"nofollow noopener\">erk\u00e4nde<\/a> fortsatt grovt gravfridsbrott. Enligt uppgifter till TV4 Nyheterna misst\u00e4nker polisen i sin utredning att kvinnan dog redan vid \u00f6verfallet utanf\u00f6r t\u00e5gstationen.<\/p>\n<p class=\"sc-c25743f0-0 sc-e37c0145-2 hObFds DQgPn\">Inget motiv till styckmordet ska \u00e4nnu ha framkommit. I st\u00e4llet tros kvinnan ha <a href=\"https:\/\/www.tv4.se\/artikel\/16BjyPNuQTxwSQxohx1ynY\/hon-var-tyvaerr-pa-fel-plats-vid-fel-tillfaelle\" class=\"pcc\" target=\"_top\" rel=\"nofollow noopener\">blivit slumpm\u00e4ssigt utvald<\/a>.<\/p>\n","protected":false},"excerpt":{"rendered":"\u00d6vervakningskamerorna p\u00e5 t\u00e5gstationen i R\u00f6nninge i Salem kommun f\u00e5ngade hur den 25-\u00e5riga kvinnan klev av pendelt\u00e5get vid 01.20-tiden&hellip;\n","protected":false},"author":2,"featured_media":133858,"comment_status":"","ping_status":"","sticky":false,"template":"","format":"standard","meta":{"footnotes":""},"categories":[5],"tags":[22,23,26,27,17,21,24,25,28,29,15,16,18,34,31,33,32,30,19,20],"class_list":{"0":"post-133857","1":"post","2":"type-post","3":"status-publish","4":"format-standard","5":"has-post-thumbnail","7":"category-rubriker","8":"tag-breaking-news","9":"tag-breakingnews","10":"tag-featured-news","11":"tag-featurednews","12":"tag-headlines","13":"tag-huvudnyheter","14":"tag-latest-news","15":"tag-latestnews","16":"tag-main-news","17":"tag-mainnews","18":"tag-news","19":"tag-nyheter","20":"tag-rubriker","21":"tag-se","22":"tag-svenska","23":"tag-sverige","24":"tag-sweden","25":"tag-swedish","26":"tag-top-stories","27":"tag-topstories"},"share_on_mastodon":{"url":"https:\/\/pubeurope.com\/@se\/115886028422441536","error":""},"_links":{"self":[{"href":"https:\/\/www.europesays.com\/se\/wp-json\/wp\/v2\/posts\/133857","targetHints":{"allow":["GET"]}}],"collection":[{"href":"https:\/\/www.europesays.com\/se\/wp-json\/wp\/v2\/posts"}],"about":[{"href":"https:\/\/www.europesays.com\/se\/wp-json\/wp\/v2\/types\/post"}],"author":[{"embeddable":true,"href":"https:\/\/www.europesays.com\/se\/wp-json\/wp\/v2\/users\/2"}],"replies":[{"embeddable":true,"href":"https:\/\/www.europesays.com\/se\/wp-json\/wp\/v2\/comments?post=133857"}],"version-history":[{"count":0,"href":"https:\/\/www.europesays.com\/se\/wp-json\/wp\/v2\/posts\/133857\/revisions"}],"wp:featuredmedia":[{"embeddable":true,"href":"https:\/\/www.europesays.com\/se\/wp-json\/wp\/v2\/media\/133858"}],"wp:attachment":[{"href":"https:\/\/www.europesays.com\/se\/wp-json\/wp\/v2\/media?parent=133857"}],"wp:term":[{"taxonomy":"category","embeddable":true,"href":"https:\/\/www.europesays.com\/se\/wp-json\/wp\/v2\/categories?post=133857"},{"taxonomy":"post_tag","embeddable":true,"href":"https:\/\/www.europesays.com\/se\/wp-json\/wp\/v2\/tags?post=133857"}],"curies":[{"name":"wp","href":"https:\/\/api.w.org\/{rel}","templated":true}]}}