{"id":133859,"date":"2026-01-13T05:06:14","date_gmt":"2026-01-13T05:06:14","guid":{"rendered":"https:\/\/www.europesays.com\/se\/133859\/"},"modified":"2026-01-13T05:06:14","modified_gmt":"2026-01-13T05:06:14","slug":"insatsledaren-om-vindsbranden-fick-riva-hela-innertaket-nwt","status":"publish","type":"post","link":"https:\/\/www.europesays.com\/se\/133859\/","title":{"rendered":"Insatsledaren om vindsbranden: \u201dFick riva hela innertaket\u201d &#8211; NWT"},"content":{"rendered":"<ol>\n<li><a href=\"https:\/\/news.google.com\/rss\/articles\/CBMilwFBVV95cUxPb1NHWlV6Y1BHWEV1d1JwSE9oS0xIX2IyRm9Ga0tJRWo1Y1d2TzZUZkt2VVdNWHlZWE5Qd3BrZXA2RW55LWw3N2dRWEZOQlp0SEgtSlhRT1lQS0hHeGptbFVOR3hqZ0hIaDFocDYwaDFBM3pIa3hxNi03T2NqckZuODNjN0g2SHlzUGZoc1JPTTNCVXlveC00?oc=5\" target=\"_blank\" rel=\"nofollow noopener\">Insatsledaren om vindsbranden: \u201dFick riva hela innertaket\u201d<\/a>&nbsp;&nbsp;NWT<\/li>\n<li><a href=\"https:\/\/news.google.com\/rss\/articles\/CBMiigFBVV95cUxPbTV2bVZneHZ1ZDFEd1EzTnVaczQ0U1NmQk9WS1BhZmFqM0djdGozcDIzNVg0ZC1tcGd1cHZrb1AxMU5NZ1pXdFFWUjVXQzYyZjY0VjJNalpUaEktMFJOc1ZCSllDZk84WEdKOF9faEthdGtvX2I3OGRUX1BVdEQ0N2pBVktuV0ZBdGc?oc=5\" target=\"_blank\" rel=\"nofollow noopener\">Brand i villa \u2013 r\u00f6kdykare g\u00e5tt in<\/a>&nbsp;&nbsp;Aftonbladet<\/li>\n<li><a href=\"https:\/\/news.google.com\/rss\/articles\/CBMiZEFVX3lxTE5xM0g0Qkc1aERrT1ZKLUJwVVpOX1VwQlJnMWRJTG1QMVhfWjFWTVpsdHU4WXdHMjkxZVRZRFVycHBETmtCbXFsUXRVT3dYQm9uWnRLY3otSnVVb1hjdkxKaU5BeHA?oc=5\" target=\"_blank\" rel=\"nofollow noopener\">R\u00f6kdykning i villa<\/a>&nbsp;&nbsp;Falu-Kuriren<\/li>\n<li><a href=\"https:\/\/news.google.com\/rss\/articles\/CBMiogFBVV95cUxNQlFLYWw0Y1F1LVBmWWZuZk1XSjBCQnZCNFlrRks4SU9JTTRzV0xZOGJJTXZvbW9wN3p5anRtLVJiR3MxYlpoNl9rWlhHczc0UFZDbFBZdHVkamphdW5MbU1yU2lsTE9zMVk2djlvb2pFTmUxaWJGN1RfQ0Q1SUJ2cW5FaEI1cXdBMzk3djdZejN4YVdNWE80cG5zQlQzUXJXRnc?oc=5\" target=\"_blank\" rel=\"nofollow noopener\">Brand i villa orsakade sv\u00e5ra skador: \u201dBrunnit p\u00e5 hela \u00f6verv\u00e5ningen\u201d<\/a>&nbsp;&nbsp;VF<\/li>\n<li><a href=\"https:\/\/news.google.com\/rss\/articles\/CBMikwFBVV95cUxPTnVobzBaRnVkd2liQzZRSWZtc3JTcjdocGlhY21vN2VXSHlvNTE5QS13SVBqWjdvTk4yMzh3dkFwcGVXcktEWDQ2R3p4c1B3UWhNTlRUdzBtVGh6RC1wNDJoT3ZWTnNod2RKcjBVb2gzOTdvRG1tX1FFRWNxZWREMjFTcGF0UEtHZ1ExXzRZd2FDWVE?oc=5\" target=\"_blank\" rel=\"nofollow noopener\">I NATT: Fullt utvecklad brand p\u00e5 villavind: \u201dF\u00f6rhindra spridning\u201d<\/a>&nbsp;&nbsp;NWT<\/li>\n<\/ol>\n","protected":false},"excerpt":{"rendered":"Insatsledaren om vindsbranden: \u201dFick riva hela innertaket\u201d&nbsp;&nbsp;NWT Brand i villa \u2013 r\u00f6kdykare g\u00e5tt in&nbsp;&nbsp;Aftonbladet R\u00f6kdykning i villa&nbsp;&nbsp;Falu-Kuriren Brand&hellip;\n","protected":false},"author":2,"featured_media":133860,"comment_status":"","ping_status":"","sticky":false,"template":"","format":"standard","meta":{"footnotes":""},"categories":[12],"tags":[22,23,26,27,17,21,24,25,28,29,15,16,18,34,31,33,32,30,19,20],"class_list":{"0":"post-133859","1":"post","2":"type-post","3":"status-publish","4":"format-standard","5":"has-post-thumbnail","7":"category-sverige","8":"tag-breaking-news","9":"tag-breakingnews","10":"tag-featured-news","11":"tag-featurednews","12":"tag-headlines","13":"tag-huvudnyheter","14":"tag-latest-news","15":"tag-latestnews","16":"tag-main-news","17":"tag-mainnews","18":"tag-news","19":"tag-nyheter","20":"tag-rubriker","21":"tag-se","22":"tag-svenska","23":"tag-sverige","24":"tag-sweden","25":"tag-swedish","26":"tag-top-stories","27":"tag-topstories"},"share_on_mastodon":{"url":"https:\/\/pubeurope.com\/@se\/115886055965934343","error":""},"_links":{"self":[{"href":"https:\/\/www.europesays.com\/se\/wp-json\/wp\/v2\/posts\/133859","targetHints":{"allow":["GET"]}}],"collection":[{"href":"https:\/\/www.europesays.com\/se\/wp-json\/wp\/v2\/posts"}],"about":[{"href":"https:\/\/www.europesays.com\/se\/wp-json\/wp\/v2\/types\/post"}],"author":[{"embeddable":true,"href":"https:\/\/www.europesays.com\/se\/wp-json\/wp\/v2\/users\/2"}],"replies":[{"embeddable":true,"href":"https:\/\/www.europesays.com\/se\/wp-json\/wp\/v2\/comments?post=133859"}],"version-history":[{"count":0,"href":"https:\/\/www.europesays.com\/se\/wp-json\/wp\/v2\/posts\/133859\/revisions"}],"wp:featuredmedia":[{"embeddable":true,"href":"https:\/\/www.europesays.com\/se\/wp-json\/wp\/v2\/media\/133860"}],"wp:attachment":[{"href":"https:\/\/www.europesays.com\/se\/wp-json\/wp\/v2\/media?parent=133859"}],"wp:term":[{"taxonomy":"category","embeddable":true,"href":"https:\/\/www.europesays.com\/se\/wp-json\/wp\/v2\/categories?post=133859"},{"taxonomy":"post_tag","embeddable":true,"href":"https:\/\/www.europesays.com\/se\/wp-json\/wp\/v2\/tags?post=133859"}],"curies":[{"name":"wp","href":"https:\/\/api.w.org\/{rel}","templated":true}]}}