{"id":133861,"date":"2026-01-13T05:07:29","date_gmt":"2026-01-13T05:07:29","guid":{"rendered":"https:\/\/www.europesays.com\/se\/133861\/"},"modified":"2026-01-13T05:07:29","modified_gmt":"2026-01-13T05:07:29","slug":"60-miljoner-kronor-i-okade-medel-till-de-frivilliga-forsvarsorganisationerna","status":"publish","type":"post","link":"https:\/\/www.europesays.com\/se\/133861\/","title":{"rendered":"60 miljoner kronor i \u00f6kade medel till de frivilliga f\u00f6rsvarsorganisationerna"},"content":{"rendered":"<p>&#13;<br \/>\nRegeringen har beslutat om en ytterligare resursf\u00f6rst\u00e4rkning till de frivilliga f\u00f6rsvarsorganisationerna om 45 miljoner kronor. Totalt \u00f6kar medlen till organisationerna med ca 60 miljoner kronor 2026, vilket ger akt\u00f6rerna b\u00e4ttre f\u00f6ruts\u00e4ttningar att m\u00f6ta det \u00f6kade intresset och bidra till att st\u00e4rka Sveriges totalf\u00f6rsvar i ett allvarligt s\u00e4kerhetspolitiskt l\u00e4ge.<\/p>\n<p>\u2013 I det allvarligaste s\u00e4kerhetsl\u00e4get sedan andra v\u00e4rldskriget beh\u00f6ver vi hela samh\u00e4llets engagemang. De frivilliga f\u00f6rsvarsorganisationerna spelar en central roll f\u00f6r folkf\u00f6rankringen av totalf\u00f6rsvaret och f\u00f6r att snabbt kunna f\u00f6rst\u00e4rka v\u00e5r samlade f\u00f6rsvarsf\u00f6rm\u00e5ga. D\u00e4rf\u00f6r st\u00e4rker vi nu deras l\u00e5ngsiktiga f\u00f6ruts\u00e4ttningar, s\u00e4ger f\u00f6rsvarsminister P\u00e5l Jonson.<\/p>\n<p>\u2013 Ett starkt civilt f\u00f6rsvar bygger p\u00e5 delaktighet och ansvarstagande i hela samh\u00e4llet. De frivilliga f\u00f6rsvarsorganisationerna kanaliserar viljan att bidra och oms\u00e4tter den i konkret f\u00f6rm\u00e5ga. Genom att \u00f6ka resurserna s\u00e4kerst\u00e4ller vi att engagemanget kan tas om hand och utvecklas, s\u00e4ger minister f\u00f6r civilt f\u00f6rsvar Carl-Oskar Bohlin.<\/p>\n<p>Satsningen p\u00e5 att st\u00e4rka de frivilliga f\u00f6rsvarsorganisationerna \u00e4r ett viktigt komplement till regeringens historiskt stora investeringar i f\u00f6rsvaret. Medlen uppg\u00e5r i \u00e5r till cirka 175 miljarder kronor f\u00f6r det milit\u00e4ra f\u00f6rsvaret och cirka 13 miljarder f\u00f6r det civila f\u00f6rsvaret, vilket \u00e4r mer \u00e4n 100 miljarder kronor mer \u00e4n 2022. Tillsammans bidrar dessa satsningar till att \u00f6ka f\u00f6rm\u00e5gan inom totalf\u00f6rsvaret.<\/p>\n<p>I Sverige finns i dag 18 frivilliga f\u00f6rsvarsorganisationer med omkring 380 000 medlemmar. Deras verksamhet st\u00e4rker totalf\u00f6rsvaret genom att bidra till folkf\u00f6rankring, tillhandah\u00e5lla f\u00f6rst\u00e4rkningsresurser och \u00f6ka f\u00f6rsvarsviljan i samh\u00e4llet. Flera organisationer bedriver \u00e4ven en omfattande ungdomsverksamhet som \u00e4r viktig f\u00f6r den l\u00e5ngsiktiga f\u00f6rs\u00f6rjningen av kompetens och engagemang.<\/p>\n<p>Genom beslutet uppg\u00e5r \u00f6kningen av den \u00e5rliga tilldelningen till de frivilliga f\u00f6rsvarsorganisationerna till totalt 60 miljoner kronor, inklusive tidigare beslutad \u00f6kning. Totalt uppg\u00e5r medlen till ca 513 miljoner kronor under 2026.<\/p>\n","protected":false},"excerpt":{"rendered":"&#13; Regeringen har beslutat om en ytterligare resursf\u00f6rst\u00e4rkning till de frivilliga f\u00f6rsvarsorganisationerna om 45 miljoner kronor. Totalt \u00f6kar&hellip;\n","protected":false},"author":2,"featured_media":67452,"comment_status":"","ping_status":"","sticky":false,"template":"","format":"standard","meta":{"footnotes":""},"categories":[5],"tags":[22,23,26,27,17,21,24,25,28,29,15,16,18,34,31,33,32,30,19,20],"class_list":{"0":"post-133861","1":"post","2":"type-post","3":"status-publish","4":"format-standard","5":"has-post-thumbnail","7":"category-rubriker","8":"tag-breaking-news","9":"tag-breakingnews","10":"tag-featured-news","11":"tag-featurednews","12":"tag-headlines","13":"tag-huvudnyheter","14":"tag-latest-news","15":"tag-latestnews","16":"tag-main-news","17":"tag-mainnews","18":"tag-news","19":"tag-nyheter","20":"tag-rubriker","21":"tag-se","22":"tag-svenska","23":"tag-sverige","24":"tag-sweden","25":"tag-swedish","26":"tag-top-stories","27":"tag-topstories"},"share_on_mastodon":{"url":"https:\/\/pubeurope.com\/@se\/115886059796399923","error":""},"_links":{"self":[{"href":"https:\/\/www.europesays.com\/se\/wp-json\/wp\/v2\/posts\/133861","targetHints":{"allow":["GET"]}}],"collection":[{"href":"https:\/\/www.europesays.com\/se\/wp-json\/wp\/v2\/posts"}],"about":[{"href":"https:\/\/www.europesays.com\/se\/wp-json\/wp\/v2\/types\/post"}],"author":[{"embeddable":true,"href":"https:\/\/www.europesays.com\/se\/wp-json\/wp\/v2\/users\/2"}],"replies":[{"embeddable":true,"href":"https:\/\/www.europesays.com\/se\/wp-json\/wp\/v2\/comments?post=133861"}],"version-history":[{"count":0,"href":"https:\/\/www.europesays.com\/se\/wp-json\/wp\/v2\/posts\/133861\/revisions"}],"wp:featuredmedia":[{"embeddable":true,"href":"https:\/\/www.europesays.com\/se\/wp-json\/wp\/v2\/media\/67452"}],"wp:attachment":[{"href":"https:\/\/www.europesays.com\/se\/wp-json\/wp\/v2\/media?parent=133861"}],"wp:term":[{"taxonomy":"category","embeddable":true,"href":"https:\/\/www.europesays.com\/se\/wp-json\/wp\/v2\/categories?post=133861"},{"taxonomy":"post_tag","embeddable":true,"href":"https:\/\/www.europesays.com\/se\/wp-json\/wp\/v2\/tags?post=133861"}],"curies":[{"name":"wp","href":"https:\/\/api.w.org\/{rel}","templated":true}]}}